{"id":92367,"date":"2026-09-05T01:50:30","date_gmt":"2026-09-05T07:50:30","guid":{"rendered":"https:\/\/lahora.mx\/?p=92367"},"modified":"2026-09-05T01:50:31","modified_gmt":"2026-09-05T07:50:31","slug":"padron-movil-alcanza-80-millones-de-celulares-registrados-continua-etapa-para-lineas-con-terminacion-2","status":"publish","type":"post","link":"https:\/\/lahora.mx\/index.php\/2026\/09\/05\/padron-movil-alcanza-80-millones-de-celulares-registrados-continua-etapa-para-lineas-con-terminacion-2\/","title":{"rendered":"Padr\u00f3n m\u00f3vil alcanza 80 millones de celulares registrados; contin\u00faa etapa para l\u00edneas con terminaci\u00f3n 2"},"content":{"rendered":"\n<p class=\"wp-block-paragraph\"><strong>Ciudad de M\u00e9xico.<\/strong>\u2014 El Gobierno Federal inform\u00f3 que el registro nacional de telefon\u00eda m\u00f3vil super\u00f3 la cifra de 80 millones de l\u00edneas celulares vinculadas exitosamente, dentro de la estrategia orientada a la regulaci\u00f3n de servicios de telecomunicaciones y combate a la extorsi\u00f3n.<\/p>\n\n\n\n<p class=\"wp-block-paragraph\">Las autoridades del sector anunciaron la apertura de la siguiente fase del calendario oficial, enfocada en la atenci\u00f3n y actualizaci\u00f3n de usuarios cuyas l\u00edneas telef\u00f3nicas concluyen con el d\u00edgito 2.<\/p>\n\n\n\n<p class=\"wp-block-paragraph\">Para realizar el tr\u00e1mite, los usuarios de las distintas compa\u00f1\u00edas telef\u00f3nicas deber\u00e1n presentar su identificaci\u00f3n oficial y comprobante de titularidad mediante las plataformas digitales habilitadas o directamente en los centros de atenci\u00f3n a clientes.<\/p>\n\n\n\n<p class=\"wp-block-paragraph\">Los organismos reguladores reiteraron el llamado a la poblaci\u00f3n para cumplir con el procedimiento dentro de los plazos fijados, evitando suspensiones temporales en el servicio de voz y datos m\u00f3viles.<\/p>\n\n\n\n<h3 class=\"wp-block-heading\"><\/h3>\n","protected":false},"excerpt":{"rendered":"<p>Ciudad de M\u00e9xico.\u2014 El Gobierno Federal inform\u00f3 que el registro nacional de telefon\u00eda m\u00f3vil super\u00f3 la cifra de 80 millones de l\u00edneas celulares vinculadas exitosamente, dentro de la estrategia orientada a la regulaci\u00f3n de servicios de telecomunicaciones y combate a la extorsi\u00f3n. Las autoridades del sector anunciaron la apertura de la siguiente fase del calendario [&hellip;]<\/p>\n","protected":false},"author":1,"featured_media":92368,"comment_status":"open","ping_status":"open","sticky":false,"template":"","format":"standard","meta":{"om_disable_all_campaigns":false,"_monsterinsights_skip_tracking":false,"footnotes":""},"categories":[176],"tags":[],"class_list":["post-92367","post","type-post","status-publish","format-standard","has-post-thumbnail","hentry","category-nacional"],"amp_enabled":true,"_links":{"self":[{"href":"https:\/\/lahora.mx\/index.php\/wp-json\/wp\/v2\/posts\/92367","targetHints":{"allow":["GET"]}}],"collection":[{"href":"https:\/\/lahora.mx\/index.php\/wp-json\/wp\/v2\/posts"}],"about":[{"href":"https:\/\/lahora.mx\/index.php\/wp-json\/wp\/v2\/types\/post"}],"author":[{"embeddable":true,"href":"https:\/\/lahora.mx\/index.php\/wp-json\/wp\/v2\/users\/1"}],"replies":[{"embeddable":true,"href":"https:\/\/lahora.mx\/index.php\/wp-json\/wp\/v2\/comments?post=92367"}],"version-history":[{"count":1,"href":"https:\/\/lahora.mx\/index.php\/wp-json\/wp\/v2\/posts\/92367\/revisions"}],"predecessor-version":[{"id":92369,"href":"https:\/\/lahora.mx\/index.php\/wp-json\/wp\/v2\/posts\/92367\/revisions\/92369"}],"wp:featuredmedia":[{"embeddable":true,"href":"https:\/\/lahora.mx\/index.php\/wp-json\/wp\/v2\/media\/92368"}],"wp:attachment":[{"href":"https:\/\/lahora.mx\/index.php\/wp-json\/wp\/v2\/media?parent=92367"}],"wp:term":[{"taxonomy":"category","embeddable":true,"href":"https:\/\/lahora.mx\/index.php\/wp-json\/wp\/v2\/categories?post=92367"},{"taxonomy":"post_tag","embeddable":true,"href":"https:\/\/lahora.mx\/index.php\/wp-json\/wp\/v2\/tags?post=92367"}],"curies":[{"name":"wp","href":"https:\/\/api.w.org\/{rel}","templated":true}]}}