{"id":92360,"date":"2026-09-05T01:34:53","date_gmt":"2026-09-05T07:34:53","guid":{"rendered":"https:\/\/lahora.mx\/?p=92360"},"modified":"2026-09-05T01:34:54","modified_gmt":"2026-09-05T07:34:54","slug":"gobierno-del-estado-impulsa-obra-comunitaria-y-justicia-energetica-en-teziutlan","status":"publish","type":"post","link":"https:\/\/lahora.mx\/index.php\/2026\/09\/05\/gobierno-del-estado-impulsa-obra-comunitaria-y-justicia-energetica-en-teziutlan\/","title":{"rendered":"Gobierno del Estado impulsa obra comunitaria y justicia energ\u00e9tica en Teziutl\u00e1n"},"content":{"rendered":"\n<p class=\"wp-block-paragraph\"><strong>Teziutl\u00e1n, Pue.<\/strong>\u2014 Con el objetivo de atender el rezago social e impulsar el desarrollo en la Sierra Nororiental, el Gobierno del Estado de Puebla ejecut\u00f3 una serie de obras comunitarias y proyectos de justicia energ\u00e9tica en el municipio de Teziutl\u00e1n. <\/p>\n\n\n\n<p class=\"wp-block-paragraph\">Las acciones gubernamentales abarcan la instalaci\u00f3n de sistemas de electrificaci\u00f3n e infraestructura solar en zonas de alta vulnerabilidad, garantizando el acceso continuo al suministro el\u00e9ctrico para las familias y los espacios p\u00fablicos prioritarios de las comunidades rurales.<\/p>\n\n\n\n<p class=\"wp-block-paragraph\">Asimismo, las autoridades estatales hicieron entrega de pavimentaciones y acciones de mejoramiento urbano participativo, proyectadas para optimizar la movilidad local y dignificar los entornos habitacionales de la demarcaci\u00f3n.<\/p>\n\n\n\n<p class=\"wp-block-paragraph\">Representantes del Ejecutivo estatal recalcaron que estos programas buscan acortar la brecha de desigualdad en el interior de la entidad mediante obras de infraestructura b\u00e1sica enfocadas en el bienestar directo de la poblaci\u00f3n.<\/p>\n\n\n\n<h3 class=\"wp-block-heading\"><\/h3>\n","protected":false},"excerpt":{"rendered":"<p>Teziutl\u00e1n, Pue.\u2014 Con el objetivo de atender el rezago social e impulsar el desarrollo en la Sierra Nororiental, el Gobierno del Estado de Puebla ejecut\u00f3 una serie de obras comunitarias y proyectos de justicia energ\u00e9tica en el municipio de Teziutl\u00e1n. Las acciones gubernamentales abarcan la instalaci\u00f3n de sistemas de electrificaci\u00f3n e infraestructura solar en zonas [&hellip;]<\/p>\n","protected":false},"author":1,"featured_media":92361,"comment_status":"open","ping_status":"open","sticky":false,"template":"","format":"standard","meta":{"om_disable_all_campaigns":false,"_monsterinsights_skip_tracking":false,"footnotes":""},"categories":[175],"tags":[223],"class_list":["post-92360","post","type-post","status-publish","format-standard","has-post-thumbnail","hentry","category-local","tag-puebla"],"amp_enabled":true,"_links":{"self":[{"href":"https:\/\/lahora.mx\/index.php\/wp-json\/wp\/v2\/posts\/92360","targetHints":{"allow":["GET"]}}],"collection":[{"href":"https:\/\/lahora.mx\/index.php\/wp-json\/wp\/v2\/posts"}],"about":[{"href":"https:\/\/lahora.mx\/index.php\/wp-json\/wp\/v2\/types\/post"}],"author":[{"embeddable":true,"href":"https:\/\/lahora.mx\/index.php\/wp-json\/wp\/v2\/users\/1"}],"replies":[{"embeddable":true,"href":"https:\/\/lahora.mx\/index.php\/wp-json\/wp\/v2\/comments?post=92360"}],"version-history":[{"count":1,"href":"https:\/\/lahora.mx\/index.php\/wp-json\/wp\/v2\/posts\/92360\/revisions"}],"predecessor-version":[{"id":92362,"href":"https:\/\/lahora.mx\/index.php\/wp-json\/wp\/v2\/posts\/92360\/revisions\/92362"}],"wp:featuredmedia":[{"embeddable":true,"href":"https:\/\/lahora.mx\/index.php\/wp-json\/wp\/v2\/media\/92361"}],"wp:attachment":[{"href":"https:\/\/lahora.mx\/index.php\/wp-json\/wp\/v2\/media?parent=92360"}],"wp:term":[{"taxonomy":"category","embeddable":true,"href":"https:\/\/lahora.mx\/index.php\/wp-json\/wp\/v2\/categories?post=92360"},{"taxonomy":"post_tag","embeddable":true,"href":"https:\/\/lahora.mx\/index.php\/wp-json\/wp\/v2\/tags?post=92360"}],"curies":[{"name":"wp","href":"https:\/\/api.w.org\/{rel}","templated":true}]}}