{"id":92351,"date":"2026-09-04T21:43:14","date_gmt":"2026-09-05T03:43:14","guid":{"rendered":"https:\/\/lahora.mx\/?p=92351"},"modified":"2026-09-04T21:43:58","modified_gmt":"2026-09-05T03:43:58","slug":"detienen-a-said-de-jesus-godos-edil-de-tepeyahualco-por-presuntos-actos-de-corrupcion","status":"publish","type":"post","link":"https:\/\/lahora.mx\/index.php\/2026\/09\/04\/detienen-a-said-de-jesus-godos-edil-de-tepeyahualco-por-presuntos-actos-de-corrupcion\/","title":{"rendered":"Detienen a Said de Jes\u00fas Godos, edil de Tepeyahualco, por presuntos actos de corrupci\u00f3n"},"content":{"rendered":"\n<blockquote class=\"wp-block-quote is-layout-flow wp-block-quote-is-layout-flow\">\n<p class=\"wp-block-paragraph\"><strong>Detienen al alcalde de Tepeyahualco por abuso de autoridad y cohecho; celebr\u00f3 con Los Titanes de Durango previo a su arresto<\/strong><\/p>\n\n\n\n<p class=\"wp-block-paragraph\"><strong>PUEBLA, Pue.<\/strong> \u2014 Said de Jes\u00fas Godos Luna, presidente municipal de Tepeyahualco, fue detenido este viernes 4 de septiembre por agentes de la Fiscal\u00eda General del Estado (FGE) de Puebla. La aprehensi\u00f3n responde a una orden judicial por su probable responsabilidad en los delitos de abuso de autoridad, incumplimiento de un deber legal y cohecho.<\/p>\n\n\n\n<p class=\"wp-block-paragraph\">El operativo se llev\u00f3 a cabo en el municipio de San Juan Xiutetelco tras un trabajo de seguimiento ministerial. El edil, de 33 a\u00f1os, ya se encuentra a disposici\u00f3n de la autoridad correspondiente para determinar su situaci\u00f3n jur\u00eddica.<\/p>\n\n\n\n<figure class=\"wp-block-embed is-type-rich is-provider-x wp-block-embed-x\"><div class=\"wp-block-embed__wrapper\">\n<blockquote class=\"twitter-tweet\" data-width=\"550\" data-dnt=\"true\"><p lang=\"es\" dir=\"ltr\">Fue detenido el presidente municipal de Tepeyahualco Puebla, Said de Jes\u00fas Godos Luna, por los delitos de abuso de autoridad y cohecho y se le investiga presuntos v\u00ednculos con la delincuencia organizada <br><br>Godos Luna protagoniz\u00f3 un esc\u00e1ndalo en feria patronal de Tepeyahualco\u2026 <a href=\"https:\/\/t.co\/vKZIQkp7aW\">pic.twitter.com\/vKZIQkp7aW<\/a><\/p>&mdash; La Hora (@LaHoraMX) <a href=\"https:\/\/x.com\/LaHoraMX\/status\/2096070653711352208?ref_src=twsrc%5Etfw\">September 5, 2026<\/a><\/blockquote><script async src=\"https:\/\/platform.x.com\/widgets.js\" charset=\"utf-8\"><\/script>\n<\/div><\/figure>\n\n\n\n<p class=\"wp-block-paragraph\"><strong>El antecedente del esc\u00e1ndalo<\/strong><\/p>\n\n\n\n<p class=\"wp-block-paragraph\">La detenci\u00f3n de Godos Luna ocurre apenas dos meses despu\u00e9s de que protagonizara una pol\u00e9mica durante la feria patronal de Tepeyahualco en honor a San Pedro Ap\u00f3stol. En julio pasado, el alcalde subi\u00f3 al escenario en evidente estado de ebriedad junto al grupo Los Titanes de Durango, cuya presentaci\u00f3n \u2014estimada en 425 mil pesos (unos 25 mil d\u00f3lares)\u2014 habr\u00eda sido financiada con fondos del erario p\u00fablico.<\/p>\n\n\n\n<p class=\"wp-block-paragraph\">La viralizaci\u00f3n del video en redes sociales provoc\u00f3 el reproche de la Secretar\u00eda de Gobernaci\u00f3n estatal, que en su momento le emiti\u00f3 una llamada de atenci\u00f3n formal. Con esta aprehensi\u00f3n, Godos Luna se convierte en el sexto edil poblano arrestado entre 2024 y 2026 por presuntas conductas il\u00edcitas.<\/p>\n<\/blockquote>\n","protected":false},"excerpt":{"rendered":"","protected":false},"author":1,"featured_media":92352,"comment_status":"open","ping_status":"open","sticky":false,"template":"","format":"standard","meta":{"om_disable_all_campaigns":false,"_monsterinsights_skip_tracking":false,"footnotes":""},"categories":[175],"tags":[195,223],"class_list":["post-92351","post","type-post","status-publish","format-standard","has-post-thumbnail","hentry","category-local","tag-principal","tag-puebla"],"amp_enabled":true,"_links":{"self":[{"href":"https:\/\/lahora.mx\/index.php\/wp-json\/wp\/v2\/posts\/92351","targetHints":{"allow":["GET"]}}],"collection":[{"href":"https:\/\/lahora.mx\/index.php\/wp-json\/wp\/v2\/posts"}],"about":[{"href":"https:\/\/lahora.mx\/index.php\/wp-json\/wp\/v2\/types\/post"}],"author":[{"embeddable":true,"href":"https:\/\/lahora.mx\/index.php\/wp-json\/wp\/v2\/users\/1"}],"replies":[{"embeddable":true,"href":"https:\/\/lahora.mx\/index.php\/wp-json\/wp\/v2\/comments?post=92351"}],"version-history":[{"count":2,"href":"https:\/\/lahora.mx\/index.php\/wp-json\/wp\/v2\/posts\/92351\/revisions"}],"predecessor-version":[{"id":92354,"href":"https:\/\/lahora.mx\/index.php\/wp-json\/wp\/v2\/posts\/92351\/revisions\/92354"}],"wp:featuredmedia":[{"embeddable":true,"href":"https:\/\/lahora.mx\/index.php\/wp-json\/wp\/v2\/media\/92352"}],"wp:attachment":[{"href":"https:\/\/lahora.mx\/index.php\/wp-json\/wp\/v2\/media?parent=92351"}],"wp:term":[{"taxonomy":"category","embeddable":true,"href":"https:\/\/lahora.mx\/index.php\/wp-json\/wp\/v2\/categories?post=92351"},{"taxonomy":"post_tag","embeddable":true,"href":"https:\/\/lahora.mx\/index.php\/wp-json\/wp\/v2\/tags?post=92351"}],"curies":[{"name":"wp","href":"https:\/\/api.w.org\/{rel}","templated":true}]}}