{"id":92347,"date":"2026-09-04T17:29:59","date_gmt":"2026-09-04T23:29:59","guid":{"rendered":"https:\/\/lahora.mx\/?p=92347"},"modified":"2026-09-04T17:30:00","modified_gmt":"2026-09-04T23:30:00","slug":"prime-video-cancela-spider-noir-tras-su-primera-temporada-pero-mantiene-su-alianza-con-sony","status":"publish","type":"post","link":"https:\/\/lahora.mx\/index.php\/2026\/09\/04\/prime-video-cancela-spider-noir-tras-su-primera-temporada-pero-mantiene-su-alianza-con-sony\/","title":{"rendered":"Prime Video cancela \u2018Spider-Noir\u2019 tras su primera temporada, pero mantiene su alianza con Sony"},"content":{"rendered":"\n<p class=\"wp-block-paragraph\"><\/p>\n\n\n\n<p class=\"wp-block-paragraph\">MGM+ y Amazon Prime Video han decidido no renovar Spider-Noir para una segunda temporada. De acuerdo con reportes de Variety, la plataforma concluy\u00f3 la trayectoria de la serie protagonizada por Nicolas Cage, poniendo fin de forma prematura a una de las propuestas m\u00e1s arriesgadas y peculiares del universo televisivo de Marvel.<br>La producci\u00f3n llev\u00f3 al ic\u00f3nico personaje a una ambientaci\u00f3n in\u00e9dita en acci\u00f3n real: la Nueva York de la d\u00e9cada de 1930. En esta entrega, Nicolas Cage interpret\u00f3 a Ben Reilly (The Spider), un envejecido y venido a menos detective privado que se ve obligado a lidiar con su pasado como el \u00fanico superh\u00e9roe de la ciudad.<\/p>\n\n\n\n<p class=\"wp-block-paragraph\">Cage ya hab\u00eda prestado su voz a este personaje en la aclamada pel\u00edcula animada Spider-Man: Into the Spider-Verse (2018). Para esta adaptaci\u00f3n live-action, la producci\u00f3n apost\u00f3 por un estilo visual distintivo, ofreciendo a los espectadores la opci\u00f3n de disfrutar los ocho episodios tanto a color como en una versi\u00f3n en blanco y negro dise\u00f1ada para homenajear al cine noir cl\u00e1sico.<\/p>\n\n\n\n<p class=\"wp-block-paragraph\"><br>La cancelaci\u00f3n resulta sorpresiva dado que Spider-Noir represent\u00f3 la carta de presentaci\u00f3n del acuerdo firmado en 2022 entre Amazon y Sony Pictures Television para trasladar a la televisi\u00f3n el cat\u00e1logo de m\u00e1s de 900 personajes de Marvel pertenecientes a Sony.<\/p>\n\n\n\n<p class=\"wp-block-paragraph\">Sin embargo, el fin de la serie no implica la ruptura de esta colaboraci\u00f3n. Fuentes cercanas a la producci\u00f3n confirmaron que Amazon contin\u00faa desarrollando activamente otros proyectos derivados de este universo, incluyendo la reestructuraci\u00f3n de nuevas historias centradas en el entorno de Spider-Man.<br><\/p>\n\n\n\n<p class=\"wp-block-paragraph\"><\/p>\n","protected":false},"excerpt":{"rendered":"<p>MGM+ y Amazon Prime Video han decidido no renovar Spider-Noir para una segunda temporada. De acuerdo con reportes de Variety, la plataforma concluy\u00f3 la trayectoria de la serie protagonizada por Nicolas Cage, poniendo fin de forma prematura a una de las propuestas m\u00e1s arriesgadas y peculiares del universo televisivo de Marvel.La producci\u00f3n llev\u00f3 al ic\u00f3nico [&hellip;]<\/p>\n","protected":false},"author":1,"featured_media":92348,"comment_status":"open","ping_status":"open","sticky":false,"template":"","format":"standard","meta":{"om_disable_all_campaigns":false,"_monsterinsights_skip_tracking":false,"footnotes":""},"categories":[3],"tags":[432,433],"class_list":["post-92347","post","type-post","status-publish","format-standard","has-post-thumbnail","hentry","category-entretenimiento","tag-prime-video","tag-spider-noir"],"amp_enabled":true,"_links":{"self":[{"href":"https:\/\/lahora.mx\/index.php\/wp-json\/wp\/v2\/posts\/92347","targetHints":{"allow":["GET"]}}],"collection":[{"href":"https:\/\/lahora.mx\/index.php\/wp-json\/wp\/v2\/posts"}],"about":[{"href":"https:\/\/lahora.mx\/index.php\/wp-json\/wp\/v2\/types\/post"}],"author":[{"embeddable":true,"href":"https:\/\/lahora.mx\/index.php\/wp-json\/wp\/v2\/users\/1"}],"replies":[{"embeddable":true,"href":"https:\/\/lahora.mx\/index.php\/wp-json\/wp\/v2\/comments?post=92347"}],"version-history":[{"count":1,"href":"https:\/\/lahora.mx\/index.php\/wp-json\/wp\/v2\/posts\/92347\/revisions"}],"predecessor-version":[{"id":92349,"href":"https:\/\/lahora.mx\/index.php\/wp-json\/wp\/v2\/posts\/92347\/revisions\/92349"}],"wp:featuredmedia":[{"embeddable":true,"href":"https:\/\/lahora.mx\/index.php\/wp-json\/wp\/v2\/media\/92348"}],"wp:attachment":[{"href":"https:\/\/lahora.mx\/index.php\/wp-json\/wp\/v2\/media?parent=92347"}],"wp:term":[{"taxonomy":"category","embeddable":true,"href":"https:\/\/lahora.mx\/index.php\/wp-json\/wp\/v2\/categories?post=92347"},{"taxonomy":"post_tag","embeddable":true,"href":"https:\/\/lahora.mx\/index.php\/wp-json\/wp\/v2\/tags?post=92347"}],"curies":[{"name":"wp","href":"https:\/\/api.w.org\/{rel}","templated":true}]}}