{"id":92341,"date":"2026-09-04T17:11:14","date_gmt":"2026-09-04T23:11:14","guid":{"rendered":"https:\/\/lahora.mx\/?p=92341"},"modified":"2026-09-04T17:11:15","modified_gmt":"2026-09-04T23:11:15","slug":"adidas-da-un-adelanto-de-su-colaboracion-exclusiva-con-jennie","status":"publish","type":"post","link":"https:\/\/lahora.mx\/index.php\/2026\/09\/04\/adidas-da-un-adelanto-de-su-colaboracion-exclusiva-con-jennie\/","title":{"rendered":"Adidas da un adelanto de su colaboraci\u00f3n exclusiva con Jennie"},"content":{"rendered":"\n<p class=\"wp-block-paragraph\">Adidas ha revelado las primeras im\u00e1genes de su esperada colaboraci\u00f3n de dise\u00f1o con la superestrella del K-pop Jennie Kim, consolidando su estrategia de alianzas con figuras de la cultura pop global para dinamizar sus ventas y posicionamiento de mercado.<\/p>\n\n\n\n<p class=\"wp-block-paragraph\">Tras haber sido imagen principal de diversas campa\u00f1as y embajadora global de la marca alemana, la integrante de Blackpink da un paso clave al asumir el rol de codise\u00f1adora en la colecci\u00f3n c\u00e1psula <strong>\u00abAdidas Originals by Jennie\u00bb<\/strong>. La propuesta reinterpreta la funcionalidad t\u00e9cnica y deportiva de la marca bajo la visi\u00f3n personal de la artista surcoreana, incorporando una marcada inspiraci\u00f3n en el universo visual y t\u00e9cnico del ballet.<\/p>\n\n\n\n<p class=\"wp-block-paragraph\">Entre las piezas destacadas de la l\u00ednea figuran las <strong>Superstar SQ Ballet<\/strong> \u2014una versi\u00f3n del modelo cl\u00e1sico adaptada con silueta de zapatillas de punta\u2014, acompa\u00f1adas por chaquetas y pantalones de ch\u00e1ndal estructurados, tops cruzados, bodies sin mangas, leggings con transparencias y piezas de punto como calentadores.<\/p>\n\n\n\n<p class=\"wp-block-paragraph\"><em>\u00abBuscaba fusionar la delicadeza y contenci\u00f3n de la est\u00e9tica del ballet con la solidez de Adidas, creando un concepto atemporal y cinematogr\u00e1fico\u00bb<\/em>, explic\u00f3 la int\u00e9rprete, quien paralelamente a su carrera con Blackpink ha desarrollado una influyente trayectoria en la moda internacional.<\/p>\n\n\n\n<p class=\"wp-block-paragraph\">Esta alianza llega en un momento de notable recuperaci\u00f3n financiera para la firma con sede en Herzogenaurach, que report\u00f3 un crecimiento del 13 % en sus ingresos durante el segundo trimestre de 2026, alcanzando los 6700 millones de euros impulsada por grandes eventos deportivos y lanzamientos estrat\u00e9gicos.<\/p>\n","protected":false},"excerpt":{"rendered":"<p>Adidas ha revelado las primeras im\u00e1genes de su esperada colaboraci\u00f3n de dise\u00f1o con la superestrella del K-pop Jennie Kim, consolidando su estrategia de alianzas con figuras de la cultura pop global para dinamizar sus ventas y posicionamiento de mercado. Tras haber sido imagen principal de diversas campa\u00f1as y embajadora global de la marca alemana, la [&hellip;]<\/p>\n","protected":false},"author":1,"featured_media":92342,"comment_status":"open","ping_status":"open","sticky":false,"template":"","format":"standard","meta":{"om_disable_all_campaigns":false,"_monsterinsights_skip_tracking":false,"footnotes":""},"categories":[4],"tags":[429,430,431],"class_list":["post-92341","post","type-post","status-publish","format-standard","has-post-thumbnail","hentry","category-fashion","tag-adidas","tag-jennie","tag-k-pop"],"amp_enabled":true,"_links":{"self":[{"href":"https:\/\/lahora.mx\/index.php\/wp-json\/wp\/v2\/posts\/92341","targetHints":{"allow":["GET"]}}],"collection":[{"href":"https:\/\/lahora.mx\/index.php\/wp-json\/wp\/v2\/posts"}],"about":[{"href":"https:\/\/lahora.mx\/index.php\/wp-json\/wp\/v2\/types\/post"}],"author":[{"embeddable":true,"href":"https:\/\/lahora.mx\/index.php\/wp-json\/wp\/v2\/users\/1"}],"replies":[{"embeddable":true,"href":"https:\/\/lahora.mx\/index.php\/wp-json\/wp\/v2\/comments?post=92341"}],"version-history":[{"count":1,"href":"https:\/\/lahora.mx\/index.php\/wp-json\/wp\/v2\/posts\/92341\/revisions"}],"predecessor-version":[{"id":92343,"href":"https:\/\/lahora.mx\/index.php\/wp-json\/wp\/v2\/posts\/92341\/revisions\/92343"}],"wp:featuredmedia":[{"embeddable":true,"href":"https:\/\/lahora.mx\/index.php\/wp-json\/wp\/v2\/media\/92342"}],"wp:attachment":[{"href":"https:\/\/lahora.mx\/index.php\/wp-json\/wp\/v2\/media?parent=92341"}],"wp:term":[{"taxonomy":"category","embeddable":true,"href":"https:\/\/lahora.mx\/index.php\/wp-json\/wp\/v2\/categories?post=92341"},{"taxonomy":"post_tag","embeddable":true,"href":"https:\/\/lahora.mx\/index.php\/wp-json\/wp\/v2\/tags?post=92341"}],"curies":[{"name":"wp","href":"https:\/\/api.w.org\/{rel}","templated":true}]}}