{"id":92337,"date":"2026-09-04T16:47:21","date_gmt":"2026-09-04T22:47:21","guid":{"rendered":"https:\/\/lahora.mx\/?p=92337"},"modified":"2026-09-04T16:47:22","modified_gmt":"2026-09-04T22:47:22","slug":"max-gutierrez-busca-un-inicio-positivo-en-el-arranque-del-chase-en-nascar-mexico","status":"publish","type":"post","link":"https:\/\/lahora.mx\/index.php\/2026\/09\/04\/max-gutierrez-busca-un-inicio-positivo-en-el-arranque-del-chase-en-nascar-mexico\/","title":{"rendered":"Max Guti\u00e9rrez busca un inicio positivo en el arranque del Chase en NASCAR M\u00e9xico"},"content":{"rendered":"\n<p class=\"wp-block-paragraph\"><strong>Puebla, Pue.<\/strong>\u2014 El piloto automovil\u00edstico Max Guti\u00e9rrez encarar\u00e1 el inicio de la etapa final del campeonato, el denominado Chase de NASCAR M\u00e9xico Series, con el claro objetivo de conseguir un resultado positivo desde la primera fecha para consolidar sus aspiraciones al t\u00edtulo nacional.<\/p>\n\n\n\n<p class=\"wp-block-paragraph\">El corredor capitalino expres\u00f3 que su equipo ha trabajado intensamente en la puesta a punto del veh\u00edculo para asegurar la potencia y confiabilidad necesarias durante la exigente prueba en pista, donde medir\u00e1 fuerzas contra los principales contendientes del serial.<\/p>\n\n\n\n<p class=\"wp-block-paragraph\">Guti\u00e9rrez se\u00f1al\u00f3 que la estrategia de carrera consistir\u00e1 en mantener la concentraci\u00f3n desde las pr\u00e1cticas libres para lograr una buena posici\u00f3n en la parrilla de salida y evitar incidentes en pista que afecten su sumatoria de puntos.<\/p>\n\n\n\n<p class=\"wp-block-paragraph\">El piloto confi\u00f3 en que la preparaci\u00f3n f\u00edsica y t\u00e9cnica realizada junto a su escuder\u00eda le permita colocarse en los primeros puestos del podio y dar un paso s\u00f3lido hacia el campeonato de la temporada.<\/p>\n","protected":false},"excerpt":{"rendered":"<p>Puebla, Pue.\u2014 El piloto automovil\u00edstico Max Guti\u00e9rrez encarar\u00e1 el inicio de la etapa final del campeonato, el denominado Chase de NASCAR M\u00e9xico Series, con el claro objetivo de conseguir un resultado positivo desde la primera fecha para consolidar sus aspiraciones al t\u00edtulo nacional. El corredor capitalino expres\u00f3 que su equipo ha trabajado intensamente en la [&hellip;]<\/p>\n","protected":false},"author":1,"featured_media":92338,"comment_status":"open","ping_status":"open","sticky":false,"template":"","format":"standard","meta":{"om_disable_all_campaigns":false,"_monsterinsights_skip_tracking":false,"footnotes":""},"categories":[6],"tags":[223],"class_list":["post-92337","post","type-post","status-publish","format-standard","has-post-thumbnail","hentry","category-sports","tag-puebla"],"amp_enabled":true,"_links":{"self":[{"href":"https:\/\/lahora.mx\/index.php\/wp-json\/wp\/v2\/posts\/92337","targetHints":{"allow":["GET"]}}],"collection":[{"href":"https:\/\/lahora.mx\/index.php\/wp-json\/wp\/v2\/posts"}],"about":[{"href":"https:\/\/lahora.mx\/index.php\/wp-json\/wp\/v2\/types\/post"}],"author":[{"embeddable":true,"href":"https:\/\/lahora.mx\/index.php\/wp-json\/wp\/v2\/users\/1"}],"replies":[{"embeddable":true,"href":"https:\/\/lahora.mx\/index.php\/wp-json\/wp\/v2\/comments?post=92337"}],"version-history":[{"count":1,"href":"https:\/\/lahora.mx\/index.php\/wp-json\/wp\/v2\/posts\/92337\/revisions"}],"predecessor-version":[{"id":92339,"href":"https:\/\/lahora.mx\/index.php\/wp-json\/wp\/v2\/posts\/92337\/revisions\/92339"}],"wp:featuredmedia":[{"embeddable":true,"href":"https:\/\/lahora.mx\/index.php\/wp-json\/wp\/v2\/media\/92338"}],"wp:attachment":[{"href":"https:\/\/lahora.mx\/index.php\/wp-json\/wp\/v2\/media?parent=92337"}],"wp:term":[{"taxonomy":"category","embeddable":true,"href":"https:\/\/lahora.mx\/index.php\/wp-json\/wp\/v2\/categories?post=92337"},{"taxonomy":"post_tag","embeddable":true,"href":"https:\/\/lahora.mx\/index.php\/wp-json\/wp\/v2\/tags?post=92337"}],"curies":[{"name":"wp","href":"https:\/\/api.w.org\/{rel}","templated":true}]}}