{"id":92334,"date":"2026-09-04T16:46:28","date_gmt":"2026-09-04T22:46:28","guid":{"rendered":"https:\/\/lahora.mx\/?p=92334"},"modified":"2026-09-04T16:46:30","modified_gmt":"2026-09-04T22:46:30","slug":"fge-rescata-a-nina-de-4-anos-durante-operativo-contra-la-trata-de-personas-en-tehuacan","status":"publish","type":"post","link":"https:\/\/lahora.mx\/index.php\/2026\/09\/04\/fge-rescata-a-nina-de-4-anos-durante-operativo-contra-la-trata-de-personas-en-tehuacan\/","title":{"rendered":"FGE rescata a ni\u00f1a de 4 a\u00f1os durante operativo contra la trata de personas en Tehuac\u00e1n"},"content":{"rendered":"\n<p class=\"wp-block-paragraph\"><strong>Tehuac\u00e1n, Pue.<\/strong>\u2014 Mediante la ejecuci\u00f3n de un operativo especializado en el municipio de Tehuac\u00e1n, agentes de la Fiscal\u00eda General del Estado (FGE) lograron el rescate de una menor de cuatro a\u00f1os de edad que presuntamente era v\u00edctima del delito de trata de personas.<\/p>\n\n\n\n<p class=\"wp-block-paragraph\">Las acciones ministeriales se derivaron de investigaciones previas que permitieron ubicar el inmueble donde se llevaban a cabo las conductas il\u00edcitas, procediendo al despliegue de las fuerzas del orden para la salvaguarda inmediata de la infanta.<\/p>\n\n\n\n<p class=\"wp-block-paragraph\">Tras la intervenci\u00f3n, la menor fue puesta bajo la custodia y protecci\u00f3n de las instancias correspondientes para brindarle la asistencia m\u00e9dica, psicol\u00f3gica y jur\u00eddica requerida en este tipo de protocolos de atenci\u00f3n integral a v\u00edctimas vulnerables.<\/p>\n\n\n\n<p class=\"wp-block-paragraph\">La dependencia procuradora de justicia continuar\u00e1 con las indagatorias conducentes para determinar la responsabilidad penal de las personas involucradas y llevarlas ante la autoridad judicial competente.<\/p>\n","protected":false},"excerpt":{"rendered":"<p>Tehuac\u00e1n, Pue.\u2014 Mediante la ejecuci\u00f3n de un operativo especializado en el municipio de Tehuac\u00e1n, agentes de la Fiscal\u00eda General del Estado (FGE) lograron el rescate de una menor de cuatro a\u00f1os de edad que presuntamente era v\u00edctima del delito de trata de personas. Las acciones ministeriales se derivaron de investigaciones previas que permitieron ubicar el [&hellip;]<\/p>\n","protected":false},"author":1,"featured_media":92335,"comment_status":"open","ping_status":"open","sticky":false,"template":"","format":"standard","meta":{"om_disable_all_campaigns":false,"_monsterinsights_skip_tracking":false,"footnotes":""},"categories":[226],"tags":[223],"class_list":["post-92334","post","type-post","status-publish","format-standard","has-post-thumbnail","hentry","category-policia","tag-puebla"],"amp_enabled":true,"_links":{"self":[{"href":"https:\/\/lahora.mx\/index.php\/wp-json\/wp\/v2\/posts\/92334","targetHints":{"allow":["GET"]}}],"collection":[{"href":"https:\/\/lahora.mx\/index.php\/wp-json\/wp\/v2\/posts"}],"about":[{"href":"https:\/\/lahora.mx\/index.php\/wp-json\/wp\/v2\/types\/post"}],"author":[{"embeddable":true,"href":"https:\/\/lahora.mx\/index.php\/wp-json\/wp\/v2\/users\/1"}],"replies":[{"embeddable":true,"href":"https:\/\/lahora.mx\/index.php\/wp-json\/wp\/v2\/comments?post=92334"}],"version-history":[{"count":1,"href":"https:\/\/lahora.mx\/index.php\/wp-json\/wp\/v2\/posts\/92334\/revisions"}],"predecessor-version":[{"id":92336,"href":"https:\/\/lahora.mx\/index.php\/wp-json\/wp\/v2\/posts\/92334\/revisions\/92336"}],"wp:featuredmedia":[{"embeddable":true,"href":"https:\/\/lahora.mx\/index.php\/wp-json\/wp\/v2\/media\/92335"}],"wp:attachment":[{"href":"https:\/\/lahora.mx\/index.php\/wp-json\/wp\/v2\/media?parent=92334"}],"wp:term":[{"taxonomy":"category","embeddable":true,"href":"https:\/\/lahora.mx\/index.php\/wp-json\/wp\/v2\/categories?post=92334"},{"taxonomy":"post_tag","embeddable":true,"href":"https:\/\/lahora.mx\/index.php\/wp-json\/wp\/v2\/tags?post=92334"}],"curies":[{"name":"wp","href":"https:\/\/api.w.org\/{rel}","templated":true}]}}