{"id":92331,"date":"2026-09-04T16:44:42","date_gmt":"2026-09-04T22:44:42","guid":{"rendered":"https:\/\/lahora.mx\/?p=92331"},"modified":"2026-09-04T16:44:43","modified_gmt":"2026-09-04T22:44:43","slug":"buap-fortalece-el-modelo-formativo-y-actualizacion-de-profesionales-en-medicina","status":"publish","type":"post","link":"https:\/\/lahora.mx\/index.php\/2026\/09\/04\/buap-fortalece-el-modelo-formativo-y-actualizacion-de-profesionales-en-medicina\/","title":{"rendered":"BUAP fortalece el modelo formativo y actualizaci\u00f3n de profesionales en medicina"},"content":{"rendered":"\n<p class=\"wp-block-paragraph\"><strong>Puebla, Pue.<\/strong>\u2014 Con el firme objetivo de elevar la calidad de los servicios de salud y responder a los requerimientos cient\u00edficos actuales, la Benem\u00e9rita Universidad Aut\u00f3noma de Puebla (BUAP) anunci\u00f3 la implementaci\u00f3n de nuevas estrategias curriculares enfocadas en fortalecer la preparaci\u00f3n integral de los profesionales de la medicina.<\/p>\n\n\n\n<p class=\"wp-block-paragraph\">La m\u00e1xima casa de estudios en el estado destac\u00f3 que este proceso incluye la actualizaci\u00f3n continua de programas de estudio, el fomento a la investigaci\u00f3n m\u00e9dica aplicada y la vinculaci\u00f3n constante de la comunidad estudiantil con hospitales e instituciones p\u00fablicas del sector salud.<\/p>\n\n\n\n<p class=\"wp-block-paragraph\">Autoridades acad\u00e9micas se\u00f1alaron que se continuar\u00e1 impulsando la infraestructura t\u00e9cnica e insumos en laboratorios y simulaci\u00f3n cl\u00ednica, garantizando que las nuevas generaciones de m\u00e9dicos cuenten con herramientas tecnol\u00f3gicas de \u00faltima generaci\u00f3n.<\/p>\n\n\n\n<p class=\"wp-block-paragraph\">Con estas medidas, la BUAP ratifica su vocaci\u00f3n social y su compromiso de egresar profesionales comprometidos con la \u00e9tica m\u00e9dica y la atenci\u00f3n oportuna a la poblaci\u00f3n en el estado y la regi\u00f3n centro del pa\u00eds.<\/p>\n\n\n\n<h3 class=\"wp-block-heading\"><\/h3>\n","protected":false},"excerpt":{"rendered":"<p>Puebla, Pue.\u2014 Con el firme objetivo de elevar la calidad de los servicios de salud y responder a los requerimientos cient\u00edficos actuales, la Benem\u00e9rita Universidad Aut\u00f3noma de Puebla (BUAP) anunci\u00f3 la implementaci\u00f3n de nuevas estrategias curriculares enfocadas en fortalecer la preparaci\u00f3n integral de los profesionales de la medicina. La m\u00e1xima casa de estudios en el [&hellip;]<\/p>\n","protected":false},"author":1,"featured_media":92332,"comment_status":"open","ping_status":"open","sticky":false,"template":"","format":"standard","meta":{"om_disable_all_campaigns":false,"_monsterinsights_skip_tracking":false,"footnotes":""},"categories":[175],"tags":[223],"class_list":["post-92331","post","type-post","status-publish","format-standard","has-post-thumbnail","hentry","category-local","tag-puebla"],"amp_enabled":true,"_links":{"self":[{"href":"https:\/\/lahora.mx\/index.php\/wp-json\/wp\/v2\/posts\/92331","targetHints":{"allow":["GET"]}}],"collection":[{"href":"https:\/\/lahora.mx\/index.php\/wp-json\/wp\/v2\/posts"}],"about":[{"href":"https:\/\/lahora.mx\/index.php\/wp-json\/wp\/v2\/types\/post"}],"author":[{"embeddable":true,"href":"https:\/\/lahora.mx\/index.php\/wp-json\/wp\/v2\/users\/1"}],"replies":[{"embeddable":true,"href":"https:\/\/lahora.mx\/index.php\/wp-json\/wp\/v2\/comments?post=92331"}],"version-history":[{"count":1,"href":"https:\/\/lahora.mx\/index.php\/wp-json\/wp\/v2\/posts\/92331\/revisions"}],"predecessor-version":[{"id":92333,"href":"https:\/\/lahora.mx\/index.php\/wp-json\/wp\/v2\/posts\/92331\/revisions\/92333"}],"wp:featuredmedia":[{"embeddable":true,"href":"https:\/\/lahora.mx\/index.php\/wp-json\/wp\/v2\/media\/92332"}],"wp:attachment":[{"href":"https:\/\/lahora.mx\/index.php\/wp-json\/wp\/v2\/media?parent=92331"}],"wp:term":[{"taxonomy":"category","embeddable":true,"href":"https:\/\/lahora.mx\/index.php\/wp-json\/wp\/v2\/categories?post=92331"},{"taxonomy":"post_tag","embeddable":true,"href":"https:\/\/lahora.mx\/index.php\/wp-json\/wp\/v2\/tags?post=92331"}],"curies":[{"name":"wp","href":"https:\/\/api.w.org\/{rel}","templated":true}]}}