{"id":92327,"date":"2026-09-04T16:41:49","date_gmt":"2026-09-04T22:41:49","guid":{"rendered":"https:\/\/lahora.mx\/?p=92327"},"modified":"2026-09-04T16:41:50","modified_gmt":"2026-09-04T22:41:50","slug":"presupuesto-2027-para-puebla-crecera-por-encima-de-la-inflacion-y-descarta-nuevos-impuestos","status":"publish","type":"post","link":"https:\/\/lahora.mx\/index.php\/2026\/09\/04\/presupuesto-2027-para-puebla-crecera-por-encima-de-la-inflacion-y-descarta-nuevos-impuestos\/","title":{"rendered":"Presupuesto 2027 para Puebla crecer\u00e1 por encima de la inflaci\u00f3n y descarta nuevos impuestos"},"content":{"rendered":"\n<p class=\"wp-block-paragraph\"><strong>Puebla, Pue.<\/strong>\u2014 El Gobierno del Estado proyecta que el paquete presupuestal para el ejercicio fiscal 2027 registre un incremento en t\u00e9rminos reales por encima del \u00edndice inflacionario, garantizando a su vez que no se contemplan la creaci\u00f3n de nuevos impuestos ni el aumento en los grav\u00e1menes existentes.<\/p>\n\n\n\n<p class=\"wp-block-paragraph\">La administraci\u00f3n p\u00fablica estatal precis\u00f3 que el dise\u00f1o del Presupuesto de Egresos se priorizar\u00e1 en la asignaci\u00f3n estrat\u00e9gica de recursos para rubros clave como la seguridad p\u00fablica, la infraestructura b\u00e1sica, la educaci\u00f3n y los programas de desarrollo social.<\/p>\n\n\n\n<p class=\"wp-block-paragraph\">Asimismo, se enfatiz\u00f3 que las finanzas estatales continuar\u00e1n gestion\u00e1ndose bajo criterios estrictos de disciplina financiera, austeridad y transparencia institucional, buscando optimizar la recaudaci\u00f3n propia sin impactar la econom\u00eda familiar de los poblanos.<\/p>\n\n\n\n<p class=\"wp-block-paragraph\">Con este planteamiento, la Secretar\u00eda de Planeaci\u00f3n y Finanzas del estado prev\u00e9 mantener la estabilidad macroecon\u00f3mica regional y dar continuidad a los compromisos de inversi\u00f3n t\u00e9cnica e infraestructura trazados para el siguiente a\u00f1o.<\/p>\n","protected":false},"excerpt":{"rendered":"<p>Puebla, Pue.\u2014 El Gobierno del Estado proyecta que el paquete presupuestal para el ejercicio fiscal 2027 registre un incremento en t\u00e9rminos reales por encima del \u00edndice inflacionario, garantizando a su vez que no se contemplan la creaci\u00f3n de nuevos impuestos ni el aumento en los grav\u00e1menes existentes. La administraci\u00f3n p\u00fablica estatal precis\u00f3 que el dise\u00f1o [&hellip;]<\/p>\n","protected":false},"author":1,"featured_media":92329,"comment_status":"open","ping_status":"open","sticky":false,"template":"","format":"standard","meta":{"om_disable_all_campaigns":false,"_monsterinsights_skip_tracking":false,"footnotes":""},"categories":[5],"tags":[],"class_list":["post-92327","post","type-post","status-publish","format-standard","has-post-thumbnail","hentry","category-politica"],"amp_enabled":true,"_links":{"self":[{"href":"https:\/\/lahora.mx\/index.php\/wp-json\/wp\/v2\/posts\/92327","targetHints":{"allow":["GET"]}}],"collection":[{"href":"https:\/\/lahora.mx\/index.php\/wp-json\/wp\/v2\/posts"}],"about":[{"href":"https:\/\/lahora.mx\/index.php\/wp-json\/wp\/v2\/types\/post"}],"author":[{"embeddable":true,"href":"https:\/\/lahora.mx\/index.php\/wp-json\/wp\/v2\/users\/1"}],"replies":[{"embeddable":true,"href":"https:\/\/lahora.mx\/index.php\/wp-json\/wp\/v2\/comments?post=92327"}],"version-history":[{"count":1,"href":"https:\/\/lahora.mx\/index.php\/wp-json\/wp\/v2\/posts\/92327\/revisions"}],"predecessor-version":[{"id":92330,"href":"https:\/\/lahora.mx\/index.php\/wp-json\/wp\/v2\/posts\/92327\/revisions\/92330"}],"wp:featuredmedia":[{"embeddable":true,"href":"https:\/\/lahora.mx\/index.php\/wp-json\/wp\/v2\/media\/92329"}],"wp:attachment":[{"href":"https:\/\/lahora.mx\/index.php\/wp-json\/wp\/v2\/media?parent=92327"}],"wp:term":[{"taxonomy":"category","embeddable":true,"href":"https:\/\/lahora.mx\/index.php\/wp-json\/wp\/v2\/categories?post=92327"},{"taxonomy":"post_tag","embeddable":true,"href":"https:\/\/lahora.mx\/index.php\/wp-json\/wp\/v2\/tags?post=92327"}],"curies":[{"name":"wp","href":"https:\/\/api.w.org\/{rel}","templated":true}]}}