{"id":92324,"date":"2026-09-04T16:40:57","date_gmt":"2026-09-04T22:40:57","guid":{"rendered":"https:\/\/lahora.mx\/?p=92324"},"modified":"2026-09-04T16:40:58","modified_gmt":"2026-09-04T22:40:58","slug":"detencion-de-el-amarillo-demuestra-que-en-puebla-no-hay-impunidad-alejandro-armenta","status":"publish","type":"post","link":"https:\/\/lahora.mx\/index.php\/2026\/09\/04\/detencion-de-el-amarillo-demuestra-que-en-puebla-no-hay-impunidad-alejandro-armenta\/","title":{"rendered":"Detenci\u00f3n de \u00abEl Amarillo\u00bb demuestra que en Puebla no hay impunidad: Alejandro Armenta"},"content":{"rendered":"\n<p class=\"wp-block-paragraph\"><strong>Puebla, Pue.<\/strong>\u2014 El gobernador del estado, Alejandro Armenta Mier, se pronunci\u00f3 respecto a la aprehensi\u00f3n de \u00abEl Amarillo\u00bb, afirmando que este resultado operativo demuestra el compromiso firme de su administraci\u00f3n de mantener la cero impunidad en Puebla.<\/p>\n\n\n\n<p class=\"wp-block-paragraph\">El mandatario estatal reconoci\u00f3 el trabajo coordinado de los cuerpos de seguridad p\u00fablica y de las Fuerzas Armadas, al tiempo de se\u00f1alar que el combate a la delincuencia se realiza de manera frontal para garantizar el orden y la seguridad en toda la entidad.<\/p>\n\n\n\n<p class=\"wp-block-paragraph\">Armenta Mier enfatiz\u00f3 que las fronteras territoriales del estado no representan zonas de resguardo para perfiles criminales y que la estrategia de seguridad se mantiene alineada con las directrices federales para la consolidaci\u00f3n de la paz social.<\/p>\n\n\n\n<p class=\"wp-block-paragraph\">Finalmente, el titular del Ejecutivo estatal reiter\u00f3 que su gobierno continuar\u00e1 fortaleciendo a las corporaciones policiales mediante equipamiento, inteligencia y capacitaci\u00f3n para brindar respuestas eficaces a las demandas de las y los ciudadanos.<\/p>\n","protected":false},"excerpt":{"rendered":"<p>Puebla, Pue.\u2014 El gobernador del estado, Alejandro Armenta Mier, se pronunci\u00f3 respecto a la aprehensi\u00f3n de \u00abEl Amarillo\u00bb, afirmando que este resultado operativo demuestra el compromiso firme de su administraci\u00f3n de mantener la cero impunidad en Puebla. El mandatario estatal reconoci\u00f3 el trabajo coordinado de los cuerpos de seguridad p\u00fablica y de las Fuerzas Armadas, [&hellip;]<\/p>\n","protected":false},"author":1,"featured_media":92325,"comment_status":"open","ping_status":"open","sticky":false,"template":"","format":"standard","meta":{"om_disable_all_campaigns":false,"_monsterinsights_skip_tracking":false,"footnotes":""},"categories":[175],"tags":[239,195,223],"class_list":["post-92324","post","type-post","status-publish","format-standard","has-post-thumbnail","hentry","category-local","tag-gobierno","tag-principal","tag-puebla"],"amp_enabled":true,"_links":{"self":[{"href":"https:\/\/lahora.mx\/index.php\/wp-json\/wp\/v2\/posts\/92324","targetHints":{"allow":["GET"]}}],"collection":[{"href":"https:\/\/lahora.mx\/index.php\/wp-json\/wp\/v2\/posts"}],"about":[{"href":"https:\/\/lahora.mx\/index.php\/wp-json\/wp\/v2\/types\/post"}],"author":[{"embeddable":true,"href":"https:\/\/lahora.mx\/index.php\/wp-json\/wp\/v2\/users\/1"}],"replies":[{"embeddable":true,"href":"https:\/\/lahora.mx\/index.php\/wp-json\/wp\/v2\/comments?post=92324"}],"version-history":[{"count":1,"href":"https:\/\/lahora.mx\/index.php\/wp-json\/wp\/v2\/posts\/92324\/revisions"}],"predecessor-version":[{"id":92326,"href":"https:\/\/lahora.mx\/index.php\/wp-json\/wp\/v2\/posts\/92324\/revisions\/92326"}],"wp:featuredmedia":[{"embeddable":true,"href":"https:\/\/lahora.mx\/index.php\/wp-json\/wp\/v2\/media\/92325"}],"wp:attachment":[{"href":"https:\/\/lahora.mx\/index.php\/wp-json\/wp\/v2\/media?parent=92324"}],"wp:term":[{"taxonomy":"category","embeddable":true,"href":"https:\/\/lahora.mx\/index.php\/wp-json\/wp\/v2\/categories?post=92324"},{"taxonomy":"post_tag","embeddable":true,"href":"https:\/\/lahora.mx\/index.php\/wp-json\/wp\/v2\/tags?post=92324"}],"curies":[{"name":"wp","href":"https:\/\/api.w.org\/{rel}","templated":true}]}}