{"id":92321,"date":"2026-09-04T16:39:50","date_gmt":"2026-09-04T22:39:50","guid":{"rendered":"https:\/\/lahora.mx\/?p=92321"},"modified":"2026-09-04T16:39:52","modified_gmt":"2026-09-04T22:39:52","slug":"puebla-no-es-refugio-para-delincuentes-fiscalia-tras-la-detencion-de-el-amarillo","status":"publish","type":"post","link":"https:\/\/lahora.mx\/index.php\/2026\/09\/04\/puebla-no-es-refugio-para-delincuentes-fiscalia-tras-la-detencion-de-el-amarillo\/","title":{"rendered":"Puebla no es refugio para delincuentes: Fiscal\u00eda tras la detenci\u00f3n de \u00abEl Amarillo\u00bb"},"content":{"rendered":"\n<p class=\"wp-block-paragraph\"><strong>Puebla, Pue.<\/strong>\u2014 Tras la reciente captura de un perfil generador de violencia identificado bajo el alias de \u00abEl Amarillo\u00bb, la Fiscal\u00eda General del Estado (FGE) de Puebla asever\u00f3 de manera categ\u00f3rica que la entidad no es ni ser\u00e1 refugio para integrantes de c\u00e9lulas delictivas que busquen evadir a la justicia.<\/p>\n\n\n\n<p class=\"wp-block-paragraph\">Las autoridades ministeriales informaron que el aseguramiento fue resultado de labores continuas de inteligencia y coordinaci\u00f3n operativa entre los tres niveles de gobierno. Con dicha acci\u00f3n, la instituci\u00f3n reafirm\u00f3 que se mantendr\u00e1n operativos permanentes en las diversas regiones del estado para desarticular grupos dedicados al crimen organizado.<\/p>\n\n\n\n<p class=\"wp-block-paragraph\">El organismo procurador de justicia subray\u00f3 que las investigaciones en curso permitir\u00e1n esclarecer la probable participaci\u00f3n del detenido en distintos il\u00edcitos registrados tanto en territorio local como en entidades vecinas.<\/p>\n\n\n\n<p class=\"wp-block-paragraph\">Asimismo, la Fiscal\u00eda reiter\u00f3 el compromiso institucional de procesar penalmente a quienes atenten contra la tranquilidad de las familias poblanas, asegurando que se aplicar\u00e1 todo el peso de la ley sin distingos ni concesiones.<\/p>\n","protected":false},"excerpt":{"rendered":"<p>Puebla, Pue.\u2014 Tras la reciente captura de un perfil generador de violencia identificado bajo el alias de \u00abEl Amarillo\u00bb, la Fiscal\u00eda General del Estado (FGE) de Puebla asever\u00f3 de manera categ\u00f3rica que la entidad no es ni ser\u00e1 refugio para integrantes de c\u00e9lulas delictivas que busquen evadir a la justicia. Las autoridades ministeriales informaron que [&hellip;]<\/p>\n","protected":false},"author":1,"featured_media":0,"comment_status":"open","ping_status":"open","sticky":false,"template":"","format":"standard","meta":{"om_disable_all_campaigns":false,"_monsterinsights_skip_tracking":false,"footnotes":""},"categories":[175],"tags":[239,195,223],"class_list":["post-92321","post","type-post","status-publish","format-standard","hentry","category-local","tag-gobierno","tag-principal","tag-puebla"],"amp_enabled":true,"_links":{"self":[{"href":"https:\/\/lahora.mx\/index.php\/wp-json\/wp\/v2\/posts\/92321","targetHints":{"allow":["GET"]}}],"collection":[{"href":"https:\/\/lahora.mx\/index.php\/wp-json\/wp\/v2\/posts"}],"about":[{"href":"https:\/\/lahora.mx\/index.php\/wp-json\/wp\/v2\/types\/post"}],"author":[{"embeddable":true,"href":"https:\/\/lahora.mx\/index.php\/wp-json\/wp\/v2\/users\/1"}],"replies":[{"embeddable":true,"href":"https:\/\/lahora.mx\/index.php\/wp-json\/wp\/v2\/comments?post=92321"}],"version-history":[{"count":1,"href":"https:\/\/lahora.mx\/index.php\/wp-json\/wp\/v2\/posts\/92321\/revisions"}],"predecessor-version":[{"id":92323,"href":"https:\/\/lahora.mx\/index.php\/wp-json\/wp\/v2\/posts\/92321\/revisions\/92323"}],"wp:attachment":[{"href":"https:\/\/lahora.mx\/index.php\/wp-json\/wp\/v2\/media?parent=92321"}],"wp:term":[{"taxonomy":"category","embeddable":true,"href":"https:\/\/lahora.mx\/index.php\/wp-json\/wp\/v2\/categories?post=92321"},{"taxonomy":"post_tag","embeddable":true,"href":"https:\/\/lahora.mx\/index.php\/wp-json\/wp\/v2\/tags?post=92321"}],"curies":[{"name":"wp","href":"https:\/\/api.w.org\/{rel}","templated":true}]}}