{"id":9232,"date":"2022-07-03T18:17:08","date_gmt":"2022-07-03T18:17:08","guid":{"rendered":"http:\/\/lahora.mx\/?p=9232"},"modified":"2022-07-03T18:17:09","modified_gmt":"2022-07-03T18:17:09","slug":"es-hallado-el-cadaver-de-un-hombre-en-san-diego-chalma","status":"publish","type":"post","link":"https:\/\/lahora.mx\/index.php\/2022\/07\/03\/es-hallado-el-cadaver-de-un-hombre-en-san-diego-chalma\/","title":{"rendered":"Es hallado el cad\u00e1ver de un hombre en San Diego Chalma"},"content":{"rendered":"\n<p>El cuerpo de un hombre fue hallado suspendido de un \u00e1rbol, los hechos se registraron en la calle del Pante\u00f3n de la colonia Loma Bonita de San Diego Chalma, junta auxiliar de Tehuac\u00e1n.<\/p>\n\n\n\n<p>De acuerdo a las primeras l\u00edneas de investigaci\u00f3n, se trata del cad\u00e1ver de un hombre de complexi\u00f3n robusta, quien portaba un chaleco guinda tenis negros, gorra negra y un pantal\u00f3n de mezclilla; quien presuntamente se quit\u00f3 la vida colg\u00e1ndose de un \u00e1rbol.<\/p>\n\n\n\n<p>Fue un lugare\u00f1o el que se percat\u00f3 del cuerpo sin vida, por lo cual lo report\u00f3 al 911, llegando hasta ese sitio T\u00e9cnicos en Urgencias M\u00e9dicas (TUM) de Protecci\u00f3n Civil y Bomberos, quienes constataron que el cuerpo ya carec\u00eda de signos vitales.<br>Elementos de Seguridad P\u00fablica tambi\u00e9n hicieron presencia para tomar conocimiento del hecho y acordonar la zona, m\u00e1s tarde arrib\u00f3 el personal de la Agencia Estatal de Investigaci\u00f3n (AEI).<\/p>\n\n\n\n<p>Se dio a conocer que el cuerpo emit\u00eda ya olores f\u00e9tidos, por lo que se presume que el hombre pudo haber perdido la vida desde hace unos d\u00edas, sin embargo, hasta este s\u00e1bado fue localizado.<\/p>\n","protected":false},"excerpt":{"rendered":"<p>El cuerpo de un hombre fue hallado suspendido de un \u00e1rbol, los hechos se registraron en la calle del Pante\u00f3n de la colonia Loma Bonita de San Diego Chalma, junta auxiliar de Tehuac\u00e1n. De acuerdo a las primeras l\u00edneas de investigaci\u00f3n, se trata del cad\u00e1ver de un hombre de complexi\u00f3n robusta, quien portaba un chaleco [&hellip;]<\/p>\n","protected":false},"author":4,"featured_media":9233,"comment_status":"open","ping_status":"open","sticky":false,"template":"","format":"standard","meta":{"om_disable_all_campaigns":false,"_monsterinsights_skip_tracking":false,"_monsterinsights_sitenote_active":false,"_monsterinsights_sitenote_note":"","_monsterinsights_sitenote_category":0,"footnotes":""},"categories":[175],"tags":[223],"class_list":["post-9232","post","type-post","status-publish","format-standard","has-post-thumbnail","hentry","category-local","tag-puebla"],"amp_enabled":true,"_links":{"self":[{"href":"https:\/\/lahora.mx\/index.php\/wp-json\/wp\/v2\/posts\/9232","targetHints":{"allow":["GET"]}}],"collection":[{"href":"https:\/\/lahora.mx\/index.php\/wp-json\/wp\/v2\/posts"}],"about":[{"href":"https:\/\/lahora.mx\/index.php\/wp-json\/wp\/v2\/types\/post"}],"author":[{"embeddable":true,"href":"https:\/\/lahora.mx\/index.php\/wp-json\/wp\/v2\/users\/4"}],"replies":[{"embeddable":true,"href":"https:\/\/lahora.mx\/index.php\/wp-json\/wp\/v2\/comments?post=9232"}],"version-history":[{"count":1,"href":"https:\/\/lahora.mx\/index.php\/wp-json\/wp\/v2\/posts\/9232\/revisions"}],"predecessor-version":[{"id":9234,"href":"https:\/\/lahora.mx\/index.php\/wp-json\/wp\/v2\/posts\/9232\/revisions\/9234"}],"wp:featuredmedia":[{"embeddable":true,"href":"https:\/\/lahora.mx\/index.php\/wp-json\/wp\/v2\/media\/9233"}],"wp:attachment":[{"href":"https:\/\/lahora.mx\/index.php\/wp-json\/wp\/v2\/media?parent=9232"}],"wp:term":[{"taxonomy":"category","embeddable":true,"href":"https:\/\/lahora.mx\/index.php\/wp-json\/wp\/v2\/categories?post=9232"},{"taxonomy":"post_tag","embeddable":true,"href":"https:\/\/lahora.mx\/index.php\/wp-json\/wp\/v2\/tags?post=9232"}],"curies":[{"name":"wp","href":"https:\/\/api.w.org\/{rel}","templated":true}]}}