{"id":92310,"date":"2026-09-04T16:30:13","date_gmt":"2026-09-04T22:30:13","guid":{"rendered":"https:\/\/lahora.mx\/?p=92310"},"modified":"2026-09-04T16:30:14","modified_gmt":"2026-09-04T22:30:14","slug":"pavel-gaspar-rinde-informe-legislativo-destacando-iniciativas-pero-el-congreso-solo-avala-seis-leyes","status":"publish","type":"post","link":"https:\/\/lahora.mx\/index.php\/2026\/09\/04\/pavel-gaspar-rinde-informe-legislativo-destacando-iniciativas-pero-el-congreso-solo-avala-seis-leyes\/","title":{"rendered":"Pavel Gaspar rinde informe legislativo destacando iniciativas, pero el Congreso solo avala seis leyes"},"content":{"rendered":"\n<p class=\"wp-block-paragraph\"><strong>Puebla, Pue.<\/strong>\u2014 El presidente de la Junta de Gobierno y Coordinaci\u00f3n Pol\u00edtica (Jugocopo) del Congreso del Estado, Pavel Gaspar Ram\u00edrez, present\u00f3 su segundo informe de actividades legislativas, en el cual destac\u00f3 la recepci\u00f3n y tr\u00e1mite de m\u00e1s de un millar de iniciativas promovidas en la legislatura.<\/p>\n\n\n\n<p class=\"wp-block-paragraph\">Pese a las cifras globales presentadas durante el acto protocolario, los registros del Poder Legislativo se\u00f1alan que, del volumen de propuestas expuestas, la soberan\u00eda estatal \u00fanicamente ha concretado la emisi\u00f3n y aprobaci\u00f3n de seis nuevas leyes o reformas estructurales completas.<\/p>\n\n\n\n<p class=\"wp-block-paragraph\">En su mensaje, el legislador omiti\u00f3 hacer referencia a diversas iniciativas de alto perfil medi\u00e1tico que generaron debate p\u00fablico en meses recientes, concentrando su balance en las acciones de consenso y en la agenda institucional coordinada con los distintos grupos parlamentarios.<\/p>\n\n\n\n<p class=\"wp-block-paragraph\">El balance presentado gener\u00f3 posturas encontradas entre las bancadas parlamentarias sobre la eficiencia en la dictaminaci\u00f3n de proyectos, en un contexto donde el Congreso local busca priorizar el desahogo de temas pendientes antes de concluir el periodo de sesiones.<\/p>\n","protected":false},"excerpt":{"rendered":"<p>Puebla, Pue.\u2014 El presidente de la Junta de Gobierno y Coordinaci\u00f3n Pol\u00edtica (Jugocopo) del Congreso del Estado, Pavel Gaspar Ram\u00edrez, present\u00f3 su segundo informe de actividades legislativas, en el cual destac\u00f3 la recepci\u00f3n y tr\u00e1mite de m\u00e1s de un millar de iniciativas promovidas en la legislatura. Pese a las cifras globales presentadas durante el acto [&hellip;]<\/p>\n","protected":false},"author":1,"featured_media":92312,"comment_status":"open","ping_status":"open","sticky":false,"template":"","format":"standard","meta":{"om_disable_all_campaigns":false,"_monsterinsights_skip_tracking":false,"footnotes":""},"categories":[175],"tags":[227,195,223],"class_list":["post-92310","post","type-post","status-publish","format-standard","has-post-thumbnail","hentry","category-local","tag-congreso","tag-principal","tag-puebla"],"amp_enabled":true,"_links":{"self":[{"href":"https:\/\/lahora.mx\/index.php\/wp-json\/wp\/v2\/posts\/92310","targetHints":{"allow":["GET"]}}],"collection":[{"href":"https:\/\/lahora.mx\/index.php\/wp-json\/wp\/v2\/posts"}],"about":[{"href":"https:\/\/lahora.mx\/index.php\/wp-json\/wp\/v2\/types\/post"}],"author":[{"embeddable":true,"href":"https:\/\/lahora.mx\/index.php\/wp-json\/wp\/v2\/users\/1"}],"replies":[{"embeddable":true,"href":"https:\/\/lahora.mx\/index.php\/wp-json\/wp\/v2\/comments?post=92310"}],"version-history":[{"count":1,"href":"https:\/\/lahora.mx\/index.php\/wp-json\/wp\/v2\/posts\/92310\/revisions"}],"predecessor-version":[{"id":92313,"href":"https:\/\/lahora.mx\/index.php\/wp-json\/wp\/v2\/posts\/92310\/revisions\/92313"}],"wp:featuredmedia":[{"embeddable":true,"href":"https:\/\/lahora.mx\/index.php\/wp-json\/wp\/v2\/media\/92312"}],"wp:attachment":[{"href":"https:\/\/lahora.mx\/index.php\/wp-json\/wp\/v2\/media?parent=92310"}],"wp:term":[{"taxonomy":"category","embeddable":true,"href":"https:\/\/lahora.mx\/index.php\/wp-json\/wp\/v2\/categories?post=92310"},{"taxonomy":"post_tag","embeddable":true,"href":"https:\/\/lahora.mx\/index.php\/wp-json\/wp\/v2\/tags?post=92310"}],"curies":[{"name":"wp","href":"https:\/\/api.w.org\/{rel}","templated":true}]}}