{"id":92307,"date":"2026-09-04T16:28:22","date_gmt":"2026-09-04T22:28:22","guid":{"rendered":"https:\/\/lahora.mx\/?p=92307"},"modified":"2026-09-04T16:28:24","modified_gmt":"2026-09-04T22:28:24","slug":"el-partido-del-trabajo-respalda-a-nayeli-salvatori-tras-proceso-interno-en-morena","status":"publish","type":"post","link":"https:\/\/lahora.mx\/index.php\/2026\/09\/04\/el-partido-del-trabajo-respalda-a-nayeli-salvatori-tras-proceso-interno-en-morena\/","title":{"rendered":"El Partido del Trabajo respalda a Nayeli Salvatori tras proceso interno en Morena"},"content":{"rendered":"\n<p class=\"wp-block-paragraph\"><strong>Puebla, Pue.<\/strong>\u2014 Dirigentes del Partido del Trabajo (PT) expresaron su respaldo a la diputada local Nayeli Salvatori Bojalil, abriendo las puertas de su bancada legislativa en caso de que la resoluci\u00f3n de la Comisi\u00f3n Nacional de Honestidad y Justicia de Morena determine alguna sanci\u00f3n en su contra.<\/p>\n\n\n\n<p class=\"wp-block-paragraph\">La legisladora enfrent\u00f3 recientemente una audiencia virtual como parte de un procedimiento sancionador promovido en los \u00f3rganos internos de Morena. Al respecto, Salvatori Bojalil manifest\u00f3 su disposici\u00f3n a acatar las determinaciones del arbitraje partidista, al tiempo que defendi\u00f3 su desempe\u00f1o institucional.<\/p>\n\n\n\n<p class=\"wp-block-paragraph\">Por su parte, los liderazgos del PT en la entidad se\u00f1alaron que la diputada ha mantenido un trabajo af\u00edn a los proyectos de la coalici\u00f3n gubernamental, por lo que externaron su disposici\u00f3n para cobijarla pol\u00edticamente en caso de ser requerida una reconfiguraci\u00f3n parlamentaria.<\/p>\n\n\n\n<p class=\"wp-block-paragraph\">El desenlace de la investigaci\u00f3n interna en Morena definir\u00e1 el estatus organizativo de la representante popular, quien reiter\u00f3 que se mantendr\u00e1 al pendiente de las resoluciones definitivas que emita la dirigencia de su partido.<\/p>\n\n\n\n<h3 class=\"wp-block-heading\"><\/h3>\n","protected":false},"excerpt":{"rendered":"<p>Puebla, Pue.\u2014 Dirigentes del Partido del Trabajo (PT) expresaron su respaldo a la diputada local Nayeli Salvatori Bojalil, abriendo las puertas de su bancada legislativa en caso de que la resoluci\u00f3n de la Comisi\u00f3n Nacional de Honestidad y Justicia de Morena determine alguna sanci\u00f3n en su contra. La legisladora enfrent\u00f3 recientemente una audiencia virtual como [&hellip;]<\/p>\n","protected":false},"author":1,"featured_media":92308,"comment_status":"open","ping_status":"open","sticky":false,"template":"","format":"standard","meta":{"om_disable_all_campaigns":false,"_monsterinsights_skip_tracking":false,"footnotes":""},"categories":[5],"tags":[],"class_list":["post-92307","post","type-post","status-publish","format-standard","has-post-thumbnail","hentry","category-politica"],"amp_enabled":true,"_links":{"self":[{"href":"https:\/\/lahora.mx\/index.php\/wp-json\/wp\/v2\/posts\/92307","targetHints":{"allow":["GET"]}}],"collection":[{"href":"https:\/\/lahora.mx\/index.php\/wp-json\/wp\/v2\/posts"}],"about":[{"href":"https:\/\/lahora.mx\/index.php\/wp-json\/wp\/v2\/types\/post"}],"author":[{"embeddable":true,"href":"https:\/\/lahora.mx\/index.php\/wp-json\/wp\/v2\/users\/1"}],"replies":[{"embeddable":true,"href":"https:\/\/lahora.mx\/index.php\/wp-json\/wp\/v2\/comments?post=92307"}],"version-history":[{"count":1,"href":"https:\/\/lahora.mx\/index.php\/wp-json\/wp\/v2\/posts\/92307\/revisions"}],"predecessor-version":[{"id":92309,"href":"https:\/\/lahora.mx\/index.php\/wp-json\/wp\/v2\/posts\/92307\/revisions\/92309"}],"wp:featuredmedia":[{"embeddable":true,"href":"https:\/\/lahora.mx\/index.php\/wp-json\/wp\/v2\/media\/92308"}],"wp:attachment":[{"href":"https:\/\/lahora.mx\/index.php\/wp-json\/wp\/v2\/media?parent=92307"}],"wp:term":[{"taxonomy":"category","embeddable":true,"href":"https:\/\/lahora.mx\/index.php\/wp-json\/wp\/v2\/categories?post=92307"},{"taxonomy":"post_tag","embeddable":true,"href":"https:\/\/lahora.mx\/index.php\/wp-json\/wp\/v2\/tags?post=92307"}],"curies":[{"name":"wp","href":"https:\/\/api.w.org\/{rel}","templated":true}]}}