{"id":92304,"date":"2026-09-04T16:27:09","date_gmt":"2026-09-04T22:27:09","guid":{"rendered":"https:\/\/lahora.mx\/?p=92304"},"modified":"2026-09-04T16:27:10","modified_gmt":"2026-09-04T22:27:10","slug":"atlixco-combinara-el-prehispanico-ulama-de-cadera-y-el-freestyle-urbano-en-evento-cultural","status":"publish","type":"post","link":"https:\/\/lahora.mx\/index.php\/2026\/09\/04\/atlixco-combinara-el-prehispanico-ulama-de-cadera-y-el-freestyle-urbano-en-evento-cultural\/","title":{"rendered":"Atlixco combinar\u00e1 el prehisp\u00e1nico Ulama de Cadera y el freestyle urbano en evento cultural"},"content":{"rendered":"\n<p class=\"wp-block-paragraph\"><strong>Atlixco, Pue.<\/strong>\u2014 El municipio de Atlixco ser\u00e1 la sede oficial de la segunda edici\u00f3n del encuentro \u00abGuerra Florida Xochitl y Yaoyotl\u00bb el pr\u00f3ximo 19 de septiembre, un torneo cultural y deportivo que fusionar\u00e1 la pr\u00e1ctica milenaria del Ulama de Cadera con las batallas contempor\u00e1neas de improvisaci\u00f3n y <em>freestyle<\/em>.<\/p>\n\n\n\n<p class=\"wp-block-paragraph\">El encuentro contar\u00e1 con la participaci\u00f3n de representaciones deportivas y culturales provenientes de municipios como Chignahuapan, Tepeaca, San Pedro Cholula, Puebla capital y Atlixco, adem\u00e1s de delegaciones invitadas del estado de Veracruz. Las actividades se desarrollan bajo la coordinaci\u00f3n de la agrupaci\u00f3n ULAMA Puebla y el aval de la Federaci\u00f3n Mexicana de Ulama de Cadera.<\/p>\n\n\n\n<p class=\"wp-block-paragraph\">Marco Antonio Figueroa Mart\u00ednez, coordinador del festival, subray\u00f3 la importancia de abrir espacios multidisciplinarios que acerquen las tradiciones originarias a las juventudes locales a trav\u00e9s de expresiones urbanas contempor\u00e1neas como el rap.<\/p>\n\n\n\n<p class=\"wp-block-paragraph\">Asimismo, los organizadores informaron que este certamen servir\u00e1 como etapa selectiva y preparatoria rumbo al Torneo Nacional de Ulama de Cadera, el cual est\u00e1 programado para celebrarse durante el mes de noviembre en la zona arqueol\u00f3gica de Cantona.<\/p>\n","protected":false},"excerpt":{"rendered":"<p>Atlixco, Pue.\u2014 El municipio de Atlixco ser\u00e1 la sede oficial de la segunda edici\u00f3n del encuentro \u00abGuerra Florida Xochitl y Yaoyotl\u00bb el pr\u00f3ximo 19 de septiembre, un torneo cultural y deportivo que fusionar\u00e1 la pr\u00e1ctica milenaria del Ulama de Cadera con las batallas contempor\u00e1neas de improvisaci\u00f3n y freestyle. El encuentro contar\u00e1 con la participaci\u00f3n de [&hellip;]<\/p>\n","protected":false},"author":1,"featured_media":92305,"comment_status":"open","ping_status":"open","sticky":false,"template":"","format":"standard","meta":{"om_disable_all_campaigns":false,"_monsterinsights_skip_tracking":false,"footnotes":""},"categories":[175],"tags":[],"class_list":["post-92304","post","type-post","status-publish","format-standard","has-post-thumbnail","hentry","category-local"],"amp_enabled":true,"_links":{"self":[{"href":"https:\/\/lahora.mx\/index.php\/wp-json\/wp\/v2\/posts\/92304","targetHints":{"allow":["GET"]}}],"collection":[{"href":"https:\/\/lahora.mx\/index.php\/wp-json\/wp\/v2\/posts"}],"about":[{"href":"https:\/\/lahora.mx\/index.php\/wp-json\/wp\/v2\/types\/post"}],"author":[{"embeddable":true,"href":"https:\/\/lahora.mx\/index.php\/wp-json\/wp\/v2\/users\/1"}],"replies":[{"embeddable":true,"href":"https:\/\/lahora.mx\/index.php\/wp-json\/wp\/v2\/comments?post=92304"}],"version-history":[{"count":1,"href":"https:\/\/lahora.mx\/index.php\/wp-json\/wp\/v2\/posts\/92304\/revisions"}],"predecessor-version":[{"id":92306,"href":"https:\/\/lahora.mx\/index.php\/wp-json\/wp\/v2\/posts\/92304\/revisions\/92306"}],"wp:featuredmedia":[{"embeddable":true,"href":"https:\/\/lahora.mx\/index.php\/wp-json\/wp\/v2\/media\/92305"}],"wp:attachment":[{"href":"https:\/\/lahora.mx\/index.php\/wp-json\/wp\/v2\/media?parent=92304"}],"wp:term":[{"taxonomy":"category","embeddable":true,"href":"https:\/\/lahora.mx\/index.php\/wp-json\/wp\/v2\/categories?post=92304"},{"taxonomy":"post_tag","embeddable":true,"href":"https:\/\/lahora.mx\/index.php\/wp-json\/wp\/v2\/tags?post=92304"}],"curies":[{"name":"wp","href":"https:\/\/api.w.org\/{rel}","templated":true}]}}