{"id":92301,"date":"2026-09-04T16:26:33","date_gmt":"2026-09-04T22:26:33","guid":{"rendered":"https:\/\/lahora.mx\/?p=92301"},"modified":"2026-09-04T16:26:34","modified_gmt":"2026-09-04T22:26:34","slug":"conversacion-con-gemini","status":"publish","type":"post","link":"https:\/\/lahora.mx\/index.php\/2026\/09\/04\/conversacion-con-gemini\/","title":{"rendered":"Conversaci\u00f3n con Gemini"},"content":{"rendered":"\n<h3 class=\"wp-block-heading\">Fundaci\u00f3n Telmex Telcel abre la convocatoria para la Beca Carlos Slim 2026 en Puebla<\/h3>\n\n\n\n<p class=\"wp-block-paragraph\"><strong>Puebla, Pue.<\/strong>\u2014 La Fundaci\u00f3n Telmex Telcel anunci\u00f3 la apertura de su convocatoria para el programa de Beca Carlos Slim 2026, dirigida a estudiantes poblanos inscritos en programas de licenciatura, maestr\u00eda y doctorado dentro de instituciones p\u00fablicas de educaci\u00f3n superior en la entidad.<\/p>\n\n\n\n<p class=\"wp-block-paragraph\">El est\u00edmulo acad\u00e9mico busca apoyar de manera integral a j\u00f3venes con desempe\u00f1o acad\u00e9mico sobresaliente, otorg\u00e1ndoles un apoyo econ\u00f3mico mensual, adem\u00e1s del pr\u00e9stamo de un equipo de c\u00f3mputo con acceso a internet para facilitar el desarrollo de sus actividades escolares.<\/p>\n\n\n\n<p class=\"wp-block-paragraph\">Para postularse, los aspirantes deben cumplir con requisitos fundamentales como ser alumnos regulares, contar con un promedio general m\u00ednimo de 9.0 y mantenerse inscritos en los periodos lectivos correspondientes. Los tr\u00e1mites de registro y entrega de documentaci\u00f3n se realizan de forma digital a trav\u00e9s de la plataforma oficial del programa.<\/p>\n\n\n\n<p class=\"wp-block-paragraph\">Con esta acci\u00f3n, la fundaci\u00f3n privada mantiene su compromiso de reducir la deserci\u00f3n escolar en el nivel superior y fomentar la excelencia acad\u00e9mica, permitiendo que la comunidad estudiantil de la regi\u00f3n contin\u00fae su formaci\u00f3n cient\u00edfica, tecnol\u00f3gica y human\u00edstica con mejores condiciones operativas.<\/p>\n","protected":false},"excerpt":{"rendered":"<p>Fundaci\u00f3n Telmex Telcel abre la convocatoria para la Beca Carlos Slim 2026 en Puebla Puebla, Pue.\u2014 La Fundaci\u00f3n Telmex Telcel anunci\u00f3 la apertura de su convocatoria para el programa de Beca Carlos Slim 2026, dirigida a estudiantes poblanos inscritos en programas de licenciatura, maestr\u00eda y doctorado dentro de instituciones p\u00fablicas de educaci\u00f3n superior en la [&hellip;]<\/p>\n","protected":false},"author":1,"featured_media":92302,"comment_status":"open","ping_status":"open","sticky":false,"template":"","format":"standard","meta":{"om_disable_all_campaigns":false,"_monsterinsights_skip_tracking":false,"footnotes":""},"categories":[176],"tags":[],"class_list":["post-92301","post","type-post","status-publish","format-standard","has-post-thumbnail","hentry","category-nacional"],"amp_enabled":true,"_links":{"self":[{"href":"https:\/\/lahora.mx\/index.php\/wp-json\/wp\/v2\/posts\/92301","targetHints":{"allow":["GET"]}}],"collection":[{"href":"https:\/\/lahora.mx\/index.php\/wp-json\/wp\/v2\/posts"}],"about":[{"href":"https:\/\/lahora.mx\/index.php\/wp-json\/wp\/v2\/types\/post"}],"author":[{"embeddable":true,"href":"https:\/\/lahora.mx\/index.php\/wp-json\/wp\/v2\/users\/1"}],"replies":[{"embeddable":true,"href":"https:\/\/lahora.mx\/index.php\/wp-json\/wp\/v2\/comments?post=92301"}],"version-history":[{"count":1,"href":"https:\/\/lahora.mx\/index.php\/wp-json\/wp\/v2\/posts\/92301\/revisions"}],"predecessor-version":[{"id":92303,"href":"https:\/\/lahora.mx\/index.php\/wp-json\/wp\/v2\/posts\/92301\/revisions\/92303"}],"wp:featuredmedia":[{"embeddable":true,"href":"https:\/\/lahora.mx\/index.php\/wp-json\/wp\/v2\/media\/92302"}],"wp:attachment":[{"href":"https:\/\/lahora.mx\/index.php\/wp-json\/wp\/v2\/media?parent=92301"}],"wp:term":[{"taxonomy":"category","embeddable":true,"href":"https:\/\/lahora.mx\/index.php\/wp-json\/wp\/v2\/categories?post=92301"},{"taxonomy":"post_tag","embeddable":true,"href":"https:\/\/lahora.mx\/index.php\/wp-json\/wp\/v2\/tags?post=92301"}],"curies":[{"name":"wp","href":"https:\/\/api.w.org\/{rel}","templated":true}]}}