{"id":92298,"date":"2026-09-04T16:08:13","date_gmt":"2026-09-04T22:08:13","guid":{"rendered":"https:\/\/lahora.mx\/?p=92298"},"modified":"2026-09-04T16:08:14","modified_gmt":"2026-09-04T22:08:14","slug":"tony-gali-se-descarta-para-la-alcaldia-de-puebla-y-asume-la-delegacion-nacional-de-movimiento-ciudadano","status":"publish","type":"post","link":"https:\/\/lahora.mx\/index.php\/2026\/09\/04\/tony-gali-se-descarta-para-la-alcaldia-de-puebla-y-asume-la-delegacion-nacional-de-movimiento-ciudadano\/","title":{"rendered":"Tony Gali se descarta para la alcald\u00eda de Puebla y asume la delegaci\u00f3n nacional de Movimiento Ciudadano"},"content":{"rendered":"\n<p class=\"wp-block-paragraph\"><strong>Puebla, Pue.<\/strong>\u2014 Tras ser anunciado como el nuevo delegado nacional de Movimiento Ciudadano (MC) en el estado de Puebla, el exgobernador Jos\u00e9 Antonio Gali Fayad descart\u00f3 de manera tajante que busque competir por la presidencia municipal de Puebla capital en las elecciones de 2027, argumentando que su llegada al partido responde \u00fanicamente a labores de organizaci\u00f3n interna.<\/p>\n\n\n\n<p class=\"wp-block-paragraph\">En sus primeras declaraciones tras asumir el encargo partidista, Gali Fayad precis\u00f3 que su principal objetivo no es la obtenci\u00f3n de una candidatura personal, sino el fortalecimiento de las estructuras org\u00e1nicas de la fuerza pol\u00edtica en el interior del estado. Indic\u00f3 que centrar\u00e1 sus esfuerzos en la conformaci\u00f3n de los comit\u00e9s municipales en las 217 demarcaciones que componen el territorio poblano, muchos de los cuales requieren consolidaci\u00f3n.<\/p>\n\n\n\n<p class=\"wp-block-paragraph\">El exmandatario aprovech\u00f3 el espacio para fijar postura respecto a su trayectoria pol\u00edtica previa y aclarar que, a pesar de haber sido postulado en el pasado por el Partido Acci\u00f3n Nacional (PAN) tanto para la alcald\u00eda como para la gubernatura, nunca firm\u00f3 una afiliaci\u00f3n formal a dicho instituto pol\u00edtico ni a ning\u00fan otro organismo.<\/p>\n\n\n\n<p class=\"wp-block-paragraph\">Asimismo, revel\u00f3 que las diferencias con el blanquiazul surgieron tras el incumplimiento de acuerdos pol\u00edticos pactados durante su gesti\u00f3n municipal, la cual originalmente se hab\u00eda contemplado con una duraci\u00f3n mayor a la que finalmente ejerci\u00f3. El nuevo cuadro de Movimiento Ciudadano asever\u00f3 que al concluir su periodo al frente del Poder Ejecutivo estatal se interrumpi\u00f3 de forma definitiva cualquier comunicaci\u00f3n con la dirigencia panista.<\/p>\n\n\n\n<p class=\"wp-block-paragraph\">La incorporaci\u00f3n de Gali Fayad al partido naranja desencaden\u00f3 una oleada de reacciones entre las diferentes fuerzas pol\u00edticas de la entidad. Mientras que liderazgos de la oposici\u00f3n atribuyeron el movimiento a una estrategia electoral, desde los comit\u00e9s ejecutivos de otros partidos catalogaron su llegada como un intento por reconfigurar las alianzas de cara a los comicios del 2027.<\/p>\n","protected":false},"excerpt":{"rendered":"<p>Puebla, Pue.\u2014 Tras ser anunciado como el nuevo delegado nacional de Movimiento Ciudadano (MC) en el estado de Puebla, el exgobernador Jos\u00e9 Antonio Gali Fayad descart\u00f3 de manera tajante que busque competir por la presidencia municipal de Puebla capital en las elecciones de 2027, argumentando que su llegada al partido responde \u00fanicamente a labores de [&hellip;]<\/p>\n","protected":false},"author":1,"featured_media":92299,"comment_status":"open","ping_status":"open","sticky":false,"template":"","format":"standard","meta":{"om_disable_all_campaigns":false,"_monsterinsights_skip_tracking":false,"footnotes":""},"categories":[5],"tags":[],"class_list":["post-92298","post","type-post","status-publish","format-standard","has-post-thumbnail","hentry","category-politica"],"amp_enabled":true,"_links":{"self":[{"href":"https:\/\/lahora.mx\/index.php\/wp-json\/wp\/v2\/posts\/92298","targetHints":{"allow":["GET"]}}],"collection":[{"href":"https:\/\/lahora.mx\/index.php\/wp-json\/wp\/v2\/posts"}],"about":[{"href":"https:\/\/lahora.mx\/index.php\/wp-json\/wp\/v2\/types\/post"}],"author":[{"embeddable":true,"href":"https:\/\/lahora.mx\/index.php\/wp-json\/wp\/v2\/users\/1"}],"replies":[{"embeddable":true,"href":"https:\/\/lahora.mx\/index.php\/wp-json\/wp\/v2\/comments?post=92298"}],"version-history":[{"count":1,"href":"https:\/\/lahora.mx\/index.php\/wp-json\/wp\/v2\/posts\/92298\/revisions"}],"predecessor-version":[{"id":92300,"href":"https:\/\/lahora.mx\/index.php\/wp-json\/wp\/v2\/posts\/92298\/revisions\/92300"}],"wp:featuredmedia":[{"embeddable":true,"href":"https:\/\/lahora.mx\/index.php\/wp-json\/wp\/v2\/media\/92299"}],"wp:attachment":[{"href":"https:\/\/lahora.mx\/index.php\/wp-json\/wp\/v2\/media?parent=92298"}],"wp:term":[{"taxonomy":"category","embeddable":true,"href":"https:\/\/lahora.mx\/index.php\/wp-json\/wp\/v2\/categories?post=92298"},{"taxonomy":"post_tag","embeddable":true,"href":"https:\/\/lahora.mx\/index.php\/wp-json\/wp\/v2\/tags?post=92298"}],"curies":[{"name":"wp","href":"https:\/\/api.w.org\/{rel}","templated":true}]}}