{"id":92294,"date":"2026-09-04T16:06:43","date_gmt":"2026-09-04T22:06:43","guid":{"rendered":"https:\/\/lahora.mx\/?p=92294"},"modified":"2026-09-04T16:06:44","modified_gmt":"2026-09-04T22:06:44","slug":"pepe-chedraui-apusta-por-la-prudencia-ante-la-incorporacion-de-tony-gali-a-movimiento-ciudadano","status":"publish","type":"post","link":"https:\/\/lahora.mx\/index.php\/2026\/09\/04\/pepe-chedraui-apusta-por-la-prudencia-ante-la-incorporacion-de-tony-gali-a-movimiento-ciudadano\/","title":{"rendered":"Pepe Chedraui apusta por la prudencia ante la incorporaci\u00f3n de Tony Gali a Movimiento Ciudadano"},"content":{"rendered":"\n<p class=\"wp-block-paragraph\"><strong>Puebla, Pue.<\/strong>\u2014 El presidente municipal de Puebla, Pepe Chedraui Budib, evit\u00f3 entrar en confrontaciones pol\u00edticas tras la reciente suma del exgobernador Jos\u00e9 Antonio Gali Fayad a las filas de Movimiento Ciudadano (MC). El alcalde morenista afirm\u00f3 que cualquier actor pol\u00edtico cuenta con el derecho constitucional de construir sus propias aspiraciones de cara al proceso electoral que se celebrar\u00e1 en 2027.<\/p>\n\n\n\n<p class=\"wp-block-paragraph\">En entrevista, el mun\u00edcipe destac\u00f3 que sostiene una relaci\u00f3n de amistad de a\u00f1os con el exmandatario estatal, por lo que descart\u00f3 de manera categ\u00f3rica que su retorno a la escena p\u00fablica represente un motivo de preocupaci\u00f3n o una amenaza para su administraci\u00f3n o proyecto pol\u00edtico. En este sentido, subray\u00f3 que el ambiente democr\u00e1tico del estado permite la pluralidad de voces y aspiraciones de cualquier ciudadano.<\/p>\n\n\n\n<p class=\"wp-block-paragraph\">Chedraui Budib declin\u00f3 emitir juicios de valor sobre el impacto que la suma de Gali Fayad tendr\u00e1 en el escenario pol\u00edtico local o dentro del partido naranja. El edil capitalino sostuvo que este tipo de valoraciones deben ser respondidas de manera directa por el propio exgobernador y por los liderazgos que integran las distintas fuerzas pol\u00edticas de la entidad.<\/p>\n\n\n\n<p class=\"wp-block-paragraph\">Sin embargo, al interior del Cabildo capitalino la postura de la bancada de Morena no coincidi\u00f3 del todo con la l\u00ednea institucional del presidente municipal. El regidor Gabriel Biestro Medinilla se\u00f1al\u00f3 que el exmandatario no puede posicionarse como una alternativa de renovaci\u00f3n sin antes esclarecer diversos se\u00f1alamientos sobre su gesti\u00f3n anterior y la evoluci\u00f3n de su patrimonio.<\/p>\n\n\n\n<p class=\"wp-block-paragraph\">El regidor morenista enfatiz\u00f3 que, si bien la definici\u00f3n de candidaturas y nombramientos le corresponde \u00fanicamente a la estructura de Movimiento Ciudadano, los actores pol\u00edticos con trayectoria p\u00fablica deben someterse de manera transparente al escrutinio de la ciudadan\u00eda antes de pretender retornar a la contienda por cargos de elecci\u00f3n popular.<\/p>\n","protected":false},"excerpt":{"rendered":"<p>Puebla, Pue.\u2014 El presidente municipal de Puebla, Pepe Chedraui Budib, evit\u00f3 entrar en confrontaciones pol\u00edticas tras la reciente suma del exgobernador Jos\u00e9 Antonio Gali Fayad a las filas de Movimiento Ciudadano (MC). El alcalde morenista afirm\u00f3 que cualquier actor pol\u00edtico cuenta con el derecho constitucional de construir sus propias aspiraciones de cara al proceso electoral [&hellip;]<\/p>\n","protected":false},"author":1,"featured_media":92296,"comment_status":"open","ping_status":"open","sticky":false,"template":"","format":"standard","meta":{"om_disable_all_campaigns":false,"_monsterinsights_skip_tracking":false,"footnotes":""},"categories":[175],"tags":[320,223],"class_list":["post-92294","post","type-post","status-publish","format-standard","has-post-thumbnail","hentry","category-local","tag-chedraui","tag-puebla"],"amp_enabled":true,"_links":{"self":[{"href":"https:\/\/lahora.mx\/index.php\/wp-json\/wp\/v2\/posts\/92294","targetHints":{"allow":["GET"]}}],"collection":[{"href":"https:\/\/lahora.mx\/index.php\/wp-json\/wp\/v2\/posts"}],"about":[{"href":"https:\/\/lahora.mx\/index.php\/wp-json\/wp\/v2\/types\/post"}],"author":[{"embeddable":true,"href":"https:\/\/lahora.mx\/index.php\/wp-json\/wp\/v2\/users\/1"}],"replies":[{"embeddable":true,"href":"https:\/\/lahora.mx\/index.php\/wp-json\/wp\/v2\/comments?post=92294"}],"version-history":[{"count":1,"href":"https:\/\/lahora.mx\/index.php\/wp-json\/wp\/v2\/posts\/92294\/revisions"}],"predecessor-version":[{"id":92297,"href":"https:\/\/lahora.mx\/index.php\/wp-json\/wp\/v2\/posts\/92294\/revisions\/92297"}],"wp:featuredmedia":[{"embeddable":true,"href":"https:\/\/lahora.mx\/index.php\/wp-json\/wp\/v2\/media\/92296"}],"wp:attachment":[{"href":"https:\/\/lahora.mx\/index.php\/wp-json\/wp\/v2\/media?parent=92294"}],"wp:term":[{"taxonomy":"category","embeddable":true,"href":"https:\/\/lahora.mx\/index.php\/wp-json\/wp\/v2\/categories?post=92294"},{"taxonomy":"post_tag","embeddable":true,"href":"https:\/\/lahora.mx\/index.php\/wp-json\/wp\/v2\/tags?post=92294"}],"curies":[{"name":"wp","href":"https:\/\/api.w.org\/{rel}","templated":true}]}}