{"id":9228,"date":"2022-07-03T15:33:21","date_gmt":"2022-07-03T15:33:21","guid":{"rendered":"http:\/\/lahora.mx\/?p=9228"},"modified":"2022-07-03T15:33:22","modified_gmt":"2022-07-03T15:33:22","slug":"una-cuota-para-no-ser-asaltados-narran-choferes-de-transporte-publico","status":"publish","type":"post","link":"https:\/\/lahora.mx\/index.php\/2022\/07\/03\/una-cuota-para-no-ser-asaltados-narran-choferes-de-transporte-publico\/","title":{"rendered":"Una cuota para no ser asaltados narran Choferes de transporte p\u00fablico"},"content":{"rendered":"\n<p>La cadena Televisa Puebla, realiz\u00f3 un reportaje, en donde habl\u00f3 con varios choferes sobre la delincuencia que se vive, por lo que se exalt\u00f3 que pagan para la seguridad.<br>A trav\u00e9s de Twitter, el reportaje dice que los\u00a0<strong>transportistas<\/strong>\u00a0les pagan a los delincuentes para que no los asalten.<\/p>\n\n\n\n<p>Aunque hace a\u00f1os se hab\u00eda hablado de ello, hace poco se han aumentado los&nbsp;<strong>asaltos<\/strong>&nbsp;en el transporte que han llegado a tomar estas medidas extremas.<\/p>\n","protected":false},"excerpt":{"rendered":"<p>La cadena Televisa Puebla, realiz\u00f3 un reportaje, en donde habl\u00f3 con varios choferes sobre la delincuencia que se vive, por lo que se exalt\u00f3 que pagan para la seguridad.A trav\u00e9s de Twitter, el reportaje dice que los\u00a0transportistas\u00a0les pagan a los delincuentes para que no los asalten. Aunque hace a\u00f1os se hab\u00eda hablado de ello, hace [&hellip;]<\/p>\n","protected":false},"author":4,"featured_media":9229,"comment_status":"open","ping_status":"open","sticky":false,"template":"","format":"standard","meta":{"om_disable_all_campaigns":false,"_monsterinsights_skip_tracking":false,"_monsterinsights_sitenote_active":false,"_monsterinsights_sitenote_note":"","_monsterinsights_sitenote_category":0,"footnotes":""},"categories":[175],"tags":[223],"class_list":["post-9228","post","type-post","status-publish","format-standard","has-post-thumbnail","hentry","category-local","tag-puebla"],"amp_enabled":true,"_links":{"self":[{"href":"https:\/\/lahora.mx\/index.php\/wp-json\/wp\/v2\/posts\/9228","targetHints":{"allow":["GET"]}}],"collection":[{"href":"https:\/\/lahora.mx\/index.php\/wp-json\/wp\/v2\/posts"}],"about":[{"href":"https:\/\/lahora.mx\/index.php\/wp-json\/wp\/v2\/types\/post"}],"author":[{"embeddable":true,"href":"https:\/\/lahora.mx\/index.php\/wp-json\/wp\/v2\/users\/4"}],"replies":[{"embeddable":true,"href":"https:\/\/lahora.mx\/index.php\/wp-json\/wp\/v2\/comments?post=9228"}],"version-history":[{"count":1,"href":"https:\/\/lahora.mx\/index.php\/wp-json\/wp\/v2\/posts\/9228\/revisions"}],"predecessor-version":[{"id":9230,"href":"https:\/\/lahora.mx\/index.php\/wp-json\/wp\/v2\/posts\/9228\/revisions\/9230"}],"wp:featuredmedia":[{"embeddable":true,"href":"https:\/\/lahora.mx\/index.php\/wp-json\/wp\/v2\/media\/9229"}],"wp:attachment":[{"href":"https:\/\/lahora.mx\/index.php\/wp-json\/wp\/v2\/media?parent=9228"}],"wp:term":[{"taxonomy":"category","embeddable":true,"href":"https:\/\/lahora.mx\/index.php\/wp-json\/wp\/v2\/categories?post=9228"},{"taxonomy":"post_tag","embeddable":true,"href":"https:\/\/lahora.mx\/index.php\/wp-json\/wp\/v2\/tags?post=9228"}],"curies":[{"name":"wp","href":"https:\/\/api.w.org\/{rel}","templated":true}]}}