{"id":92278,"date":"2026-09-04T13:15:31","date_gmt":"2026-09-04T19:15:31","guid":{"rendered":"https:\/\/lahora.mx\/?p=92278"},"modified":"2026-09-04T13:15:32","modified_gmt":"2026-09-04T19:15:32","slug":"volkswagen-duplicara-recorte-de-empleos-y-eliminara-100-mil-puestos-antes-de-2030","status":"publish","type":"post","link":"https:\/\/lahora.mx\/index.php\/2026\/09\/04\/volkswagen-duplicara-recorte-de-empleos-y-eliminara-100-mil-puestos-antes-de-2030\/","title":{"rendered":"Volkswagen duplicar\u00e1 recorte de empleos y eliminar\u00e1 100 mil puestos antes de 2030"},"content":{"rendered":"\n<p class=\"wp-block-paragraph\"><strong>Volkswagen duplica su plan de reestructuraci\u00f3n global y recortar\u00e1 100 mil empleos para 2030<\/strong><\/p>\n\n\n\n<p class=\"wp-block-paragraph\"><strong>FR\u00c1NCFORT, Alemania.<\/strong> \u2014 El consorcio automotriz alem\u00e1n Volkswagen aprob\u00f3 un agresivo plan de ajuste financiero que contempla la eliminaci\u00f3n de otros 50 mil puestos de trabajo a nivel mundial, elevando a 100 mil el total de empleos que ser\u00e1n recortados antes del a\u00f1o 2030 como parte de su estrategia de reestructuraci\u00f3n operativa.<\/p>\n\n\n\n<p class=\"wp-block-paragraph\">La medida fue ratificada por unanimidad por el consejo de supervisi\u00f3n del grupo tras dos meses de intensas negociaciones entre la junta directiva, la representaci\u00f3n sindical de los trabajadores y autoridades del estado de Baja Sajonia, accionista poseedor del 20 % de la empresa. El consenso alcanzado destrab\u00f3 el proyecto que inicialmente hab\u00eda sido rechazado en julio pasado.<\/p>\n\n\n\n<p class=\"wp-block-paragraph\">Del nuevo paquete de 50 mil bajas laborales acordadas, aproximadamente 25 mil afectar\u00e1n de forma directa a la plantilla instalada en Alemania, mientras que el resto de las plazas recortadas se distribuir\u00e1 en las diferentes filiales europeas y globales que opera la compa\u00f1\u00eda.<\/p>\n\n\n\n<p class=\"wp-block-paragraph\">Como parte del programa de eficiencia operativa, la empresa reducir\u00e1 a la mitad su cartera global de modelos para el a\u00f1o 2035 y simplificar\u00e1 en un 75 % la complejidad de sus plataformas de ensamblaje. Con estas acciones, la firma busca optimizar costos ante la contracci\u00f3n del mercado automotriz en China, el endurecimiento de aranceles comerciales y la creciente competencia en el sector de veh\u00edculos el\u00e9ctricos.<\/p>\n\n\n\n<p class=\"wp-block-paragraph\">Tras darse a conocer los detalles del acuerdo laboral y financiero, los mercados accionarios reaccionaron de manera favorable, registrando un alza del 6.5 % en la cotizaci\u00f3n de los t\u00edtulos de Volkswagen al cierre de las operaciones burs\u00e1tiles en la Bolsa de Fr\u00e1ncfort.<\/p>\n","protected":false},"excerpt":{"rendered":"<p>Volkswagen duplica su plan de reestructuraci\u00f3n global y recortar\u00e1 100 mil empleos para 2030 FR\u00c1NCFORT, Alemania. \u2014 El consorcio automotriz alem\u00e1n Volkswagen aprob\u00f3 un agresivo plan de ajuste financiero que contempla la eliminaci\u00f3n de otros 50 mil puestos de trabajo a nivel mundial, elevando a 100 mil el total de empleos que ser\u00e1n recortados antes [&hellip;]<\/p>\n","protected":false},"author":1,"featured_media":92280,"comment_status":"open","ping_status":"open","sticky":false,"template":"","format":"standard","meta":{"om_disable_all_campaigns":false,"_monsterinsights_skip_tracking":false,"footnotes":""},"categories":[2],"tags":[195],"class_list":["post-92278","post","type-post","status-publish","format-standard","has-post-thumbnail","hentry","category-negocios","tag-principal"],"amp_enabled":true,"_links":{"self":[{"href":"https:\/\/lahora.mx\/index.php\/wp-json\/wp\/v2\/posts\/92278","targetHints":{"allow":["GET"]}}],"collection":[{"href":"https:\/\/lahora.mx\/index.php\/wp-json\/wp\/v2\/posts"}],"about":[{"href":"https:\/\/lahora.mx\/index.php\/wp-json\/wp\/v2\/types\/post"}],"author":[{"embeddable":true,"href":"https:\/\/lahora.mx\/index.php\/wp-json\/wp\/v2\/users\/1"}],"replies":[{"embeddable":true,"href":"https:\/\/lahora.mx\/index.php\/wp-json\/wp\/v2\/comments?post=92278"}],"version-history":[{"count":1,"href":"https:\/\/lahora.mx\/index.php\/wp-json\/wp\/v2\/posts\/92278\/revisions"}],"predecessor-version":[{"id":92282,"href":"https:\/\/lahora.mx\/index.php\/wp-json\/wp\/v2\/posts\/92278\/revisions\/92282"}],"wp:featuredmedia":[{"embeddable":true,"href":"https:\/\/lahora.mx\/index.php\/wp-json\/wp\/v2\/media\/92280"}],"wp:attachment":[{"href":"https:\/\/lahora.mx\/index.php\/wp-json\/wp\/v2\/media?parent=92278"}],"wp:term":[{"taxonomy":"category","embeddable":true,"href":"https:\/\/lahora.mx\/index.php\/wp-json\/wp\/v2\/categories?post=92278"},{"taxonomy":"post_tag","embeddable":true,"href":"https:\/\/lahora.mx\/index.php\/wp-json\/wp\/v2\/tags?post=92278"}],"curies":[{"name":"wp","href":"https:\/\/api.w.org\/{rel}","templated":true}]}}