{"id":92271,"date":"2026-09-04T13:14:05","date_gmt":"2026-09-04T19:14:05","guid":{"rendered":"https:\/\/lahora.mx\/?p=92271"},"modified":"2026-09-04T13:14:06","modified_gmt":"2026-09-04T19:14:06","slug":"mel-gibson-promete-que-las-secuelas-de-la-pasion-de-cristo-sorprenderan-con-una-vision-metafisica","status":"publish","type":"post","link":"https:\/\/lahora.mx\/index.php\/2026\/09\/04\/mel-gibson-promete-que-las-secuelas-de-la-pasion-de-cristo-sorprenderan-con-una-vision-metafisica\/","title":{"rendered":"Mel Gibson promete que las secuelas de La Pasi\u00f3n de Cristo sorprender\u00e1n con una visi\u00f3n metaf\u00edsica"},"content":{"rendered":"\n<p class=\"wp-block-paragraph\"><strong>Mel Gibson anticipa un enfoque metaf\u00edsico para las secuelas de \u00abLa Pasi\u00f3n de Cristo\u00bb<\/strong><\/p>\n\n\n\n<p class=\"wp-block-paragraph\"><strong>LOS \u00c1NGELES, EE. UU.<\/strong> \u2014 A m\u00e1s de dos d\u00e9cadas del lanzamiento de la galardonada cinta \u00abLa Pasi\u00f3n de Cristo\u00bb, el cineasta y actor estadounidense Mel Gibson revel\u00f3 nuevos detalles sobre el desarrollo de \u00abLa Resurrecci\u00f3n de Cristo\u00bb, ambicioso proyecto cinematogr\u00e1fico que dar\u00e1 continuidad a la trama b\u00edblica y que estar\u00e1 dividido en dos largometrajes.<\/p>\n\n\n\n<p class=\"wp-block-paragraph\">En entrevista para el p\u00f3dcast <em>Arroyo Grande<\/em>, el director explic\u00f3 que la historia ir\u00e1 m\u00e1s all\u00e1 de los hechos terrenales para abordar la dimensi\u00f3n espiritual y sobrenatural ocurrida tras la crucifixi\u00f3n de Jes\u00fas. Gibson aclar\u00f3 que cuando se refiri\u00f3 previamente al proyecto como un \u00abviaje de \u00e1cido\u00bb, lo hizo de forma figurativa para dimensionar la complejidad visual y teol\u00f3gica que abordar\u00e1 la narrativa.<\/p>\n\n\n\n<p class=\"wp-block-paragraph\">El cineasta destac\u00f3 que el guion requiri\u00f3 cerca de diez a\u00f1os de trabajo anal\u00edtico y conceptual para lograr entrelazar adecuadamente la perspectiva humana con pasajes metaf\u00edsicos, incluyendo representaciones del infierno e interpretaciones teol\u00f3gicas complejas. Dada la extensi\u00f3n de la investigaci\u00f3n y del material dram\u00e1tico recopilado, tom\u00f3 la decisi\u00f3n de fraccionar la obra en dos entregas independientes.<\/p>\n\n\n\n<p class=\"wp-block-paragraph\">Dentro de las novedades estructurales, se confirm\u00f3 que las secuelas no contar\u00e1n con el reparto original mediante tecnolog\u00edas de rejuvenecimiento digital, optando en su lugar por un nuevo elenco. Asimismo, a diferencia de la producci\u00f3n de 2004 que fue filmada en arameo, lat\u00edn y hebreo, las nuevas pel\u00edculas se rodar\u00e1n en idioma ingl\u00e9s.<\/p>\n\n\n\n<p class=\"wp-block-paragraph\">De acuerdo con el calendario trazado por la producci\u00f3n, la primera parte de \u00abLa Resurrecci\u00f3n de Cristo\u00bb llegar\u00e1 a las salas de cine el 6 de mayo de 2027, mientras que la segunda entrega tiene proyectado su estreno mundial para el 25 de mayo de 2028.<\/p>\n","protected":false},"excerpt":{"rendered":"<p>Mel Gibson anticipa un enfoque metaf\u00edsico para las secuelas de \u00abLa Pasi\u00f3n de Cristo\u00bb LOS \u00c1NGELES, EE. UU. \u2014 A m\u00e1s de dos d\u00e9cadas del lanzamiento de la galardonada cinta \u00abLa Pasi\u00f3n de Cristo\u00bb, el cineasta y actor estadounidense Mel Gibson revel\u00f3 nuevos detalles sobre el desarrollo de \u00abLa Resurrecci\u00f3n de Cristo\u00bb, ambicioso proyecto cinematogr\u00e1fico [&hellip;]<\/p>\n","protected":false},"author":1,"featured_media":92273,"comment_status":"open","ping_status":"open","sticky":false,"template":"","format":"standard","meta":{"om_disable_all_campaigns":false,"_monsterinsights_skip_tracking":false,"footnotes":""},"categories":[3],"tags":[223],"class_list":["post-92271","post","type-post","status-publish","format-standard","has-post-thumbnail","hentry","category-entretenimiento","tag-puebla"],"amp_enabled":true,"_links":{"self":[{"href":"https:\/\/lahora.mx\/index.php\/wp-json\/wp\/v2\/posts\/92271","targetHints":{"allow":["GET"]}}],"collection":[{"href":"https:\/\/lahora.mx\/index.php\/wp-json\/wp\/v2\/posts"}],"about":[{"href":"https:\/\/lahora.mx\/index.php\/wp-json\/wp\/v2\/types\/post"}],"author":[{"embeddable":true,"href":"https:\/\/lahora.mx\/index.php\/wp-json\/wp\/v2\/users\/1"}],"replies":[{"embeddable":true,"href":"https:\/\/lahora.mx\/index.php\/wp-json\/wp\/v2\/comments?post=92271"}],"version-history":[{"count":1,"href":"https:\/\/lahora.mx\/index.php\/wp-json\/wp\/v2\/posts\/92271\/revisions"}],"predecessor-version":[{"id":92277,"href":"https:\/\/lahora.mx\/index.php\/wp-json\/wp\/v2\/posts\/92271\/revisions\/92277"}],"wp:featuredmedia":[{"embeddable":true,"href":"https:\/\/lahora.mx\/index.php\/wp-json\/wp\/v2\/media\/92273"}],"wp:attachment":[{"href":"https:\/\/lahora.mx\/index.php\/wp-json\/wp\/v2\/media?parent=92271"}],"wp:term":[{"taxonomy":"category","embeddable":true,"href":"https:\/\/lahora.mx\/index.php\/wp-json\/wp\/v2\/categories?post=92271"},{"taxonomy":"post_tag","embeddable":true,"href":"https:\/\/lahora.mx\/index.php\/wp-json\/wp\/v2\/tags?post=92271"}],"curies":[{"name":"wp","href":"https:\/\/api.w.org\/{rel}","templated":true}]}}