{"id":92262,"date":"2026-09-04T13:06:43","date_gmt":"2026-09-04T19:06:43","guid":{"rendered":"https:\/\/lahora.mx\/?p=92262"},"modified":"2026-09-04T13:09:25","modified_gmt":"2026-09-04T19:09:25","slug":"sesinan-en-veracruz-a-zenyazen-escobar-diputado-federal-y-exsecretarioasesinan-en-veracruz-al-diputado-federal-y-exsecretario-de-educacion-zenyazen-escobar","status":"publish","type":"post","link":"https:\/\/lahora.mx\/index.php\/2026\/09\/04\/sesinan-en-veracruz-a-zenyazen-escobar-diputado-federal-y-exsecretarioasesinan-en-veracruz-al-diputado-federal-y-exsecretario-de-educacion-zenyazen-escobar\/","title":{"rendered":"Asesinan en Veracruz al diputado federal y exsecretario de Educaci\u00f3n Zenyazen Escobar"},"content":{"rendered":"\n<p class=\"wp-block-paragraph\"><strong>XALAPA, Ver.<\/strong> \u2014 La violencia volvi\u00f3 a golpear la escena pol\u00edtica de Veracruz este viernes tras confirmarse el asesinato del diputado federal electo y exsecretario de Educaci\u00f3n del estado, Zenyazen Escobar Garc\u00eda. El ataque armado ocurri\u00f3 en las primeras horas del d\u00eda en el municipio de C\u00f3rdoba, zona en la que el legislador manten\u00eda una fuerte presencia pol\u00edtica y territorial.<\/p>\n\n\n\n<p class=\"wp-block-paragraph\">De acuerdo con los primeros reportes de las autoridades locales, Escobar Garc\u00eda fue interceptado por un grupo de sujetos armados cuando transitaba a bordo de su veh\u00edculo. Los agresores dispararon de manera directa en m\u00faltiples ocasiones contra la unidad, provoc\u00e1ndole la muerte de manera instant\u00e1nea antes de darse a la fuga con rumbo desconocido.<\/p>\n\n\n\n<p class=\"wp-block-paragraph\">Tras las detonaciones, elementos de la Secretar\u00eda de Seguridad P\u00fablica (SSP) del Estado y fuerzas federales desplegaron un intensivo operativo de b\u00fasqueda e instalaci\u00f3n de retenes en las entradas y salidas de la regi\u00f3n de las Altas Monta\u00f1as. Paralelamente, peritos de la Fiscal\u00eda General del Estado (FGE) arribaron al lugar de los hechos para acordonar la escena, recabar los casquillos percutidos e iniciar las primeras diligencias de ley.<\/p>\n\n\n\n<p class=\"wp-block-paragraph\">Zenyazen Escobar fue una figura clave dentro del movimiento de la Cuarta Transformaci\u00f3n en Veracruz. Durante la administraci\u00f3n estatal saliente encabezada por Cuitl\u00e1huac Garc\u00eda Jim\u00e9nez, se desempe\u00f1\u00f3 como titular de la Secretar\u00eda de Educaci\u00f3n de Veracruz (SEV), cargo desde el cual gestion\u00f3 infraestructura escolar y mantuvo interlocuci\u00f3n con los diversos gremios magisteriales de la entidad antes de contender por su curul en el Congreso de la Uni\u00f3n.<\/p>\n\n\n\n<p class=\"wp-block-paragraph\">El gabinete estatal y diversos actores pol\u00edticos de la entidad han expresado su condena en\u00e9rgica ante estos hechos, exigiendo que la Fiscal\u00eda General del Estado realice las investigaciones correspondientes para dar con los responsables materiales e intelectuales. Hasta el momento no se reportan personas deten\u00eddas en relaci\u00f3n con este atentado.<\/p>\n","protected":false},"excerpt":{"rendered":"<p>XALAPA, Ver. \u2014 La violencia volvi\u00f3 a golpear la escena pol\u00edtica de Veracruz este viernes tras confirmarse el asesinato del diputado federal electo y exsecretario de Educaci\u00f3n del estado, Zenyazen Escobar Garc\u00eda. El ataque armado ocurri\u00f3 en las primeras horas del d\u00eda en el municipio de C\u00f3rdoba, zona en la que el legislador manten\u00eda una [&hellip;]<\/p>\n","protected":false},"author":1,"featured_media":92263,"comment_status":"open","ping_status":"open","sticky":false,"template":"","format":"standard","meta":{"om_disable_all_campaigns":false,"_monsterinsights_skip_tracking":false,"footnotes":""},"categories":[176],"tags":[195],"class_list":["post-92262","post","type-post","status-publish","format-standard","has-post-thumbnail","hentry","category-nacional","tag-principal"],"amp_enabled":true,"_links":{"self":[{"href":"https:\/\/lahora.mx\/index.php\/wp-json\/wp\/v2\/posts\/92262","targetHints":{"allow":["GET"]}}],"collection":[{"href":"https:\/\/lahora.mx\/index.php\/wp-json\/wp\/v2\/posts"}],"about":[{"href":"https:\/\/lahora.mx\/index.php\/wp-json\/wp\/v2\/types\/post"}],"author":[{"embeddable":true,"href":"https:\/\/lahora.mx\/index.php\/wp-json\/wp\/v2\/users\/1"}],"replies":[{"embeddable":true,"href":"https:\/\/lahora.mx\/index.php\/wp-json\/wp\/v2\/comments?post=92262"}],"version-history":[{"count":2,"href":"https:\/\/lahora.mx\/index.php\/wp-json\/wp\/v2\/posts\/92262\/revisions"}],"predecessor-version":[{"id":92266,"href":"https:\/\/lahora.mx\/index.php\/wp-json\/wp\/v2\/posts\/92262\/revisions\/92266"}],"wp:featuredmedia":[{"embeddable":true,"href":"https:\/\/lahora.mx\/index.php\/wp-json\/wp\/v2\/media\/92263"}],"wp:attachment":[{"href":"https:\/\/lahora.mx\/index.php\/wp-json\/wp\/v2\/media?parent=92262"}],"wp:term":[{"taxonomy":"category","embeddable":true,"href":"https:\/\/lahora.mx\/index.php\/wp-json\/wp\/v2\/categories?post=92262"},{"taxonomy":"post_tag","embeddable":true,"href":"https:\/\/lahora.mx\/index.php\/wp-json\/wp\/v2\/tags?post=92262"}],"curies":[{"name":"wp","href":"https:\/\/api.w.org\/{rel}","templated":true}]}}