{"id":92261,"date":"2026-09-04T13:09:56","date_gmt":"2026-09-04T19:09:56","guid":{"rendered":"https:\/\/lahora.mx\/?p=92261"},"modified":"2026-09-04T13:09:57","modified_gmt":"2026-09-04T19:09:57","slug":"falta-de-personal-provoca-perdida-de-sangre-donada-en-hospital-del-issste-puebla","status":"publish","type":"post","link":"https:\/\/lahora.mx\/index.php\/2026\/09\/04\/falta-de-personal-provoca-perdida-de-sangre-donada-en-hospital-del-issste-puebla\/","title":{"rendered":"Falta de personal provoca p\u00e9rdida de sangre donada en Hospital del ISSSTE Puebla"},"content":{"rendered":"\n<p class=\"wp-block-paragraph\"><strong>Denuncian que d\u00e9ficit de personal en el ISSSTE Puebla caus\u00f3 la p\u00e9rdida de sangre donada<\/strong><\/p>\n\n\n\n<p class=\"wp-block-paragraph\"><strong>PUEBLA, Pue.<\/strong> \u2014 Una trabajadora del Hospital Regional del Instituto de Seguridad y Servicios Sociales de los Trabajadores del Estado (ISSSTE) en Puebla denunci\u00f3 p\u00fablicamente que el severo d\u00e9ficit de personal dentro del nosocomio provoc\u00f3 retrasos cr\u00edticos en el procesamiento de sangre donada, lo que deriv\u00f3 en la p\u00e9rdida irrecuperable de diversos paquetes y hemoderivados indispensables para la atenci\u00f3n m\u00e9dica.<\/p>\n\n\n\n<p class=\"wp-block-paragraph\">A trav\u00e9s de un video difundido en redes sociales, la empleada del \u00e1rea m\u00e9dica explic\u00f3 que la contingencia se desencaden\u00f3 durante su ausencia por incapacidad m\u00e9dica y d\u00edas de descanso previamente aprobados. Seg\u00fan su testimonio, las autoridades del hospital omitieron designar o reasignar a un suplente para cubrir sus funciones t\u00e9cnicas, dejando las unidades sangu\u00edneas sin la atenci\u00f3n ni los an\u00e1lisis correspondientes.<\/p>\n\n\n\n<p class=\"wp-block-paragraph\">La denunciante detall\u00f3 que las muestras de sangre captadas permanecieron archivadas y sin someterse a los estudios normativos hasta el pasado 3 de septiembre. Debido al tiempo transcurrido y la falta de procesamiento oportuno, la totalidad de las plaquetas obtenidas tuvo que ser desechada, mientras que otros componentes sangu\u00edneos contin\u00faan bajo evaluaci\u00f3n t\u00e9cnica para determinar si a\u00fan conservan su viabilidad cl\u00ednica.<\/p>\n\n\n\n<p class=\"wp-block-paragraph\">Ante esta situaci\u00f3n, la trabajadora hizo un llamado directo a los derechohabientes del ISSSTE para que acudan a presentar sus quejas formales en los buzones de atenci\u00f3n del nosocomio. Se\u00f1al\u00f3 que estas denuncias son necesarias para dejar evidencia institucional del desabasto de personal operativo y de la negligencia administrativa que impacta el servicio hospitalario.<\/p>\n\n\n\n<p class=\"wp-block-paragraph\">Hasta el momento, la directiva del Hospital Regional del ISSSTE en Puebla no ha emitido una postura oficial para aclarar lo sucedido, ni ha precisado la cifra exacta de paquetes de sangre descartados debido a estos retrasos administrativos.<\/p>\n\n\n\n<p class=\"wp-block-paragraph\"><\/p>\n","protected":false},"excerpt":{"rendered":"<p>Denuncian que d\u00e9ficit de personal en el ISSSTE Puebla caus\u00f3 la p\u00e9rdida de sangre donada PUEBLA, Pue. \u2014 Una trabajadora del Hospital Regional del Instituto de Seguridad y Servicios Sociales de los Trabajadores del Estado (ISSSTE) en Puebla denunci\u00f3 p\u00fablicamente que el severo d\u00e9ficit de personal dentro del nosocomio provoc\u00f3 retrasos cr\u00edticos en el procesamiento [&hellip;]<\/p>\n","protected":false},"author":1,"featured_media":92265,"comment_status":"open","ping_status":"open","sticky":false,"template":"","format":"standard","meta":{"om_disable_all_campaigns":false,"_monsterinsights_skip_tracking":false,"footnotes":""},"categories":[252],"tags":[223],"class_list":["post-92261","post","type-post","status-publish","format-standard","has-post-thumbnail","hentry","category-salud","tag-puebla"],"amp_enabled":true,"_links":{"self":[{"href":"https:\/\/lahora.mx\/index.php\/wp-json\/wp\/v2\/posts\/92261","targetHints":{"allow":["GET"]}}],"collection":[{"href":"https:\/\/lahora.mx\/index.php\/wp-json\/wp\/v2\/posts"}],"about":[{"href":"https:\/\/lahora.mx\/index.php\/wp-json\/wp\/v2\/types\/post"}],"author":[{"embeddable":true,"href":"https:\/\/lahora.mx\/index.php\/wp-json\/wp\/v2\/users\/1"}],"replies":[{"embeddable":true,"href":"https:\/\/lahora.mx\/index.php\/wp-json\/wp\/v2\/comments?post=92261"}],"version-history":[{"count":1,"href":"https:\/\/lahora.mx\/index.php\/wp-json\/wp\/v2\/posts\/92261\/revisions"}],"predecessor-version":[{"id":92267,"href":"https:\/\/lahora.mx\/index.php\/wp-json\/wp\/v2\/posts\/92261\/revisions\/92267"}],"wp:featuredmedia":[{"embeddable":true,"href":"https:\/\/lahora.mx\/index.php\/wp-json\/wp\/v2\/media\/92265"}],"wp:attachment":[{"href":"https:\/\/lahora.mx\/index.php\/wp-json\/wp\/v2\/media?parent=92261"}],"wp:term":[{"taxonomy":"category","embeddable":true,"href":"https:\/\/lahora.mx\/index.php\/wp-json\/wp\/v2\/categories?post=92261"},{"taxonomy":"post_tag","embeddable":true,"href":"https:\/\/lahora.mx\/index.php\/wp-json\/wp\/v2\/tags?post=92261"}],"curies":[{"name":"wp","href":"https:\/\/api.w.org\/{rel}","templated":true}]}}