{"id":92257,"date":"2026-09-04T10:59:53","date_gmt":"2026-09-04T16:59:53","guid":{"rendered":"https:\/\/lahora.mx\/?p=92257"},"modified":"2026-09-04T11:48:20","modified_gmt":"2026-09-04T17:48:20","slug":"congreso-de-puebla-formaliza-proceso-para-la-revocacion-de-mandato-de-la-alcaldesa-de-acatlan","status":"publish","type":"post","link":"https:\/\/lahora.mx\/index.php\/2026\/09\/04\/congreso-de-puebla-formaliza-proceso-para-la-revocacion-de-mandato-de-la-alcaldesa-de-acatlan\/","title":{"rendered":"Congreso de Puebla formaliza proceso para la revocaci\u00f3n de mandato de la alcaldesa de Acatl\u00e1n"},"content":{"rendered":"\n<p class=\"wp-block-paragraph\"><strong>PUEBLA, PUE.<\/strong>\u2014 El Congreso del Estado de Puebla dio inicio formal al procedimiento para la revocaci\u00f3n de mandato de la presidenta municipal de Acatl\u00e1n de Osorio, Guadalupe Lucero B\u00e1rcenas, as\u00ed como de los siete regidores y el s\u00edndico municipal que integran el Cabildo. Tras m\u00e1s de tres meses de conflicto pol\u00edtico e institucional, la Comisi\u00f3n de Gobernaci\u00f3n y Puntos Constitucionales procedi\u00f3 a la apertura formal del expediente identificado bajo la clave CGPC\/HCE\/001\/2026. <\/p>\n\n\n\n<p class=\"wp-block-paragraph\">Durante la sesi\u00f3n de trabajo, el cuerpo colegiado del Poder Legislativo dio por recibidos de manera oficial las solicitudes, escritos y expedientes promovidos por la mayor\u00eda de los integrantes del Ayuntamiento acateco. Los documentos detallan una profunda crisis de gobernabilidad en la demarcaci\u00f3n, marcada por constantes se\u00f1alamientos, desacuerdos operativos e incapacidad para alcanzar acuerdos en las sesiones de Cabildo.<\/p>\n\n\n\n<p class=\"wp-block-paragraph\">Entre los elementos probatorios integrados al expediente turnado a la comisi\u00f3n, destacan denuncias formales por parte de los regidores quienes acusaron ser v\u00edctimas de intimidaciones y presuntas amenazas en el ejercicio de sus funciones. Asimismo, se incorporaron los reportes de movilizaciones sociales registradas a las afueras de la Presidencia Municipal de Acatl\u00e1n, donde manifestantes a favor y en contra de la alcaldesa protagonizaron momentos de alta tensi\u00f3n que requirieron la intervenci\u00f3n de las fuerzas del orden p\u00fablico.<\/p>\n\n\n\n<p class=\"wp-block-paragraph\">La radicaci\u00f3n del caso en la sede legislativa se dio luego de que la Secretar\u00eda de Gobernaci\u00f3n (Segob) de Puebla diera por concluidas las mesas de di\u00e1logo dirigidas a trav\u00e9s de la Direcci\u00f3n de Delegaciones de Gobierno. Ante el agotamiento de la v\u00eda de la conciliaci\u00f3n pol\u00edtica entre las partes involucradas, la dependencia estatal remiti\u00f3 las actuaciones correspondientes para que el Congreso ejerza sus facultades constitucionales e intervenga en la resoluci\u00f3n definitiva del conflicto.<\/p>\n\n\n\n<p class=\"wp-block-paragraph\">Al respecto, el presidente del Congreso de Puebla, Pavel Gaspar Ram\u00edrez, estim\u00f3 que la definici\u00f3n jur\u00eddica de la alcald\u00eda podr\u00eda concretarse antes del 15 de septiembre. Por su parte, el diputado Julio Huerta, presidente de la Comisi\u00f3n de Gobernaci\u00f3n, precis\u00f3 que se mantienen a la espera de los informes t\u00e9cnico-financieros de la Auditor\u00eda Superior del Estado (ASE) para determinar si existen elementos suficientes que deriven en la remoci\u00f3n parcial o total de los integrantes del Ayuntamiento o en la conformaci\u00f3n de un Concejo Municipal.<\/p>\n","protected":false},"excerpt":{"rendered":"<p>PUEBLA, PUE.\u2014 El Congreso del Estado de Puebla dio inicio formal al procedimiento para la revocaci\u00f3n de mandato de la presidenta municipal de Acatl\u00e1n de Osorio, Guadalupe Lucero B\u00e1rcenas, as\u00ed como de los siete regidores y el s\u00edndico municipal que integran el Cabildo. Tras m\u00e1s de tres meses de conflicto pol\u00edtico e institucional, la Comisi\u00f3n [&hellip;]<\/p>\n","protected":false},"author":1,"featured_media":92258,"comment_status":"open","ping_status":"open","sticky":false,"template":"","format":"standard","meta":{"om_disable_all_campaigns":false,"_monsterinsights_skip_tracking":false,"footnotes":""},"categories":[175],"tags":[227,195,223],"class_list":["post-92257","post","type-post","status-publish","format-standard","has-post-thumbnail","hentry","category-local","tag-congreso","tag-principal","tag-puebla"],"amp_enabled":true,"_links":{"self":[{"href":"https:\/\/lahora.mx\/index.php\/wp-json\/wp\/v2\/posts\/92257","targetHints":{"allow":["GET"]}}],"collection":[{"href":"https:\/\/lahora.mx\/index.php\/wp-json\/wp\/v2\/posts"}],"about":[{"href":"https:\/\/lahora.mx\/index.php\/wp-json\/wp\/v2\/types\/post"}],"author":[{"embeddable":true,"href":"https:\/\/lahora.mx\/index.php\/wp-json\/wp\/v2\/users\/1"}],"replies":[{"embeddable":true,"href":"https:\/\/lahora.mx\/index.php\/wp-json\/wp\/v2\/comments?post=92257"}],"version-history":[{"count":2,"href":"https:\/\/lahora.mx\/index.php\/wp-json\/wp\/v2\/posts\/92257\/revisions"}],"predecessor-version":[{"id":92260,"href":"https:\/\/lahora.mx\/index.php\/wp-json\/wp\/v2\/posts\/92257\/revisions\/92260"}],"wp:featuredmedia":[{"embeddable":true,"href":"https:\/\/lahora.mx\/index.php\/wp-json\/wp\/v2\/media\/92258"}],"wp:attachment":[{"href":"https:\/\/lahora.mx\/index.php\/wp-json\/wp\/v2\/media?parent=92257"}],"wp:term":[{"taxonomy":"category","embeddable":true,"href":"https:\/\/lahora.mx\/index.php\/wp-json\/wp\/v2\/categories?post=92257"},{"taxonomy":"post_tag","embeddable":true,"href":"https:\/\/lahora.mx\/index.php\/wp-json\/wp\/v2\/tags?post=92257"}],"curies":[{"name":"wp","href":"https:\/\/api.w.org\/{rel}","templated":true}]}}