{"id":92254,"date":"2026-09-04T10:48:33","date_gmt":"2026-09-04T16:48:33","guid":{"rendered":"https:\/\/lahora.mx\/?p=92254"},"modified":"2026-09-04T10:48:35","modified_gmt":"2026-09-04T16:48:35","slug":"pronostican-lluvias-actividad-electrica-y-fuertes-rachas-de-viento-en-la-entidad-poblana","status":"publish","type":"post","link":"https:\/\/lahora.mx\/index.php\/2026\/09\/04\/pronostican-lluvias-actividad-electrica-y-fuertes-rachas-de-viento-en-la-entidad-poblana\/","title":{"rendered":"Pronostican lluvias, actividad el\u00e9ctrica y fuertes rachas de viento en la entidad poblana"},"content":{"rendered":"\n<p class=\"wp-block-paragraph\">La Coordinaci\u00f3n General de Protecci\u00f3n Civil del Estado de Puebla emiti\u00f3 un aviso meteorol\u00f3gico ante la previsi\u00f3n de precipitaciones, chubascos, tormentas el\u00e9ctricas y rachas de viento para diversas regiones del territorio poblano durante este viernes. Las precipitaciones podr\u00edan registrar acumulados de agua de entre 5 y 20 mil\u00edmetros.<\/p>\n\n\n\n<p class=\"wp-block-paragraph\">Las proyecciones del clima indican que las precipitaciones m\u00e1s intensas se concentrar\u00e1n en la zona del Valle de Atlixco, as\u00ed como en las demarcaciones que integran la Sierra Norte y la Sierra Nororiental. En estas franjas territoriales se anticipa la ca\u00edda de lluvia acompa\u00f1ada de descargas el\u00e9ctricas y rachas de viento de direcci\u00f3n variable.<\/p>\n\n\n\n<p class=\"wp-block-paragraph\">A pesar de la presencia de precipitaciones, se mantendr\u00e1 un ambiente de c\u00e1lido a caluroso en la mayor parte de la entidad. Para la zona del Valle de Serd\u00e1n, el Valle de Atlixco y la regi\u00f3n de la Angel\u00f3polis, los valores t\u00e9rmicos m\u00e1ximos oscilar\u00e1n entre los 25 y los 31 grados Celsius durante las horas de mayor radiaci\u00f3n solar.<\/p>\n\n\n\n<p class=\"wp-block-paragraph\">En contraste, las temperaturas m\u00e1s elevadas del d\u00eda se registrar\u00e1n en los municipios pertenecientes a la Mixteca y la regi\u00f3n de Tehuac\u00e1n, donde los term\u00f3metros podr\u00edan alcanzar marcas de hasta 36 grados Celsius. Por su parte, en las sierras del norte y nororiente, las m\u00e1ximas oscilar\u00e1n entre los 29 y los 33 grados.<\/p>\n\n\n\n<p class=\"wp-block-paragraph\">Se prev\u00e9 adem\u00e1s la presencia de vientos provenientes del sur con velocidades continuas de 20 a 30 kil\u00f3metros por hora, acompa\u00f1ados de r\u00e1fagas que podr\u00edan alcanzar los 40 kil\u00f3metros por hora. Ante estas condiciones, las autoridades estatales recomendaron a la poblaci\u00f3n extremar medidas de precauci\u00f3n al transitar por carreteras y evitar resguardarse bajo estructuras met\u00e1licas o \u00e1rboles durante las tormentas.<\/p>\n","protected":false},"excerpt":{"rendered":"<p>La Coordinaci\u00f3n General de Protecci\u00f3n Civil del Estado de Puebla emiti\u00f3 un aviso meteorol\u00f3gico ante la previsi\u00f3n de precipitaciones, chubascos, tormentas el\u00e9ctricas y rachas de viento para diversas regiones del territorio poblano durante este viernes. Las precipitaciones podr\u00edan registrar acumulados de agua de entre 5 y 20 mil\u00edmetros. Las proyecciones del clima indican que las [&hellip;]<\/p>\n","protected":false},"author":1,"featured_media":92255,"comment_status":"open","ping_status":"open","sticky":false,"template":"","format":"standard","meta":{"om_disable_all_campaigns":false,"_monsterinsights_skip_tracking":false,"footnotes":""},"categories":[175],"tags":[223],"class_list":["post-92254","post","type-post","status-publish","format-standard","has-post-thumbnail","hentry","category-local","tag-puebla"],"amp_enabled":true,"_links":{"self":[{"href":"https:\/\/lahora.mx\/index.php\/wp-json\/wp\/v2\/posts\/92254","targetHints":{"allow":["GET"]}}],"collection":[{"href":"https:\/\/lahora.mx\/index.php\/wp-json\/wp\/v2\/posts"}],"about":[{"href":"https:\/\/lahora.mx\/index.php\/wp-json\/wp\/v2\/types\/post"}],"author":[{"embeddable":true,"href":"https:\/\/lahora.mx\/index.php\/wp-json\/wp\/v2\/users\/1"}],"replies":[{"embeddable":true,"href":"https:\/\/lahora.mx\/index.php\/wp-json\/wp\/v2\/comments?post=92254"}],"version-history":[{"count":1,"href":"https:\/\/lahora.mx\/index.php\/wp-json\/wp\/v2\/posts\/92254\/revisions"}],"predecessor-version":[{"id":92256,"href":"https:\/\/lahora.mx\/index.php\/wp-json\/wp\/v2\/posts\/92254\/revisions\/92256"}],"wp:featuredmedia":[{"embeddable":true,"href":"https:\/\/lahora.mx\/index.php\/wp-json\/wp\/v2\/media\/92255"}],"wp:attachment":[{"href":"https:\/\/lahora.mx\/index.php\/wp-json\/wp\/v2\/media?parent=92254"}],"wp:term":[{"taxonomy":"category","embeddable":true,"href":"https:\/\/lahora.mx\/index.php\/wp-json\/wp\/v2\/categories?post=92254"},{"taxonomy":"post_tag","embeddable":true,"href":"https:\/\/lahora.mx\/index.php\/wp-json\/wp\/v2\/tags?post=92254"}],"curies":[{"name":"wp","href":"https:\/\/api.w.org\/{rel}","templated":true}]}}