{"id":9225,"date":"2022-07-03T15:23:02","date_gmt":"2022-07-03T15:23:02","guid":{"rendered":"http:\/\/lahora.mx\/?p=9225"},"modified":"2022-07-03T15:23:04","modified_gmt":"2022-07-03T15:23:04","slug":"tras-salir-de-una-fiesta-en-atlixco-son-asesinados-2-hombres-a-sangre-fria","status":"publish","type":"post","link":"https:\/\/lahora.mx\/index.php\/2022\/07\/03\/tras-salir-de-una-fiesta-en-atlixco-son-asesinados-2-hombres-a-sangre-fria\/","title":{"rendered":"Tras salir de una fiesta en Atlixco son asesinados 2 hombres a sangre fr\u00eda"},"content":{"rendered":"\n<p>La noche de este s\u00e1bado dos personas perdieron la vida en la colonia Valle Sur, en Atlixco, por presunta ri\u00f1a.<\/p>\n\n\n\n<p>Testigos mencionaron que escucharon 10 detonaciones aproximadamente y vieron a un masculino retirarse de la zona a bordo de una motocicleta con direcci\u00f3n hacia el centro de Atlixco.<br>De inmediato llegaron elementos de seguridad p\u00fablica a la zona, as\u00ed como personal de la polic\u00eda estatal a acordonar el \u00e1rea.<br>En una de las calles de la colonia hab\u00eda dos masculinos sin vida con varios impactos y qui\u00e9nes presuntamente salieron de una fiesta en esta misma zona<\/p>\n\n\n\n<p>Al lugar tambi\u00e9n arrib\u00f3 personal del heroico cuerpo de bomberos municipal, para ayuda en la extracci\u00f3n del cuerpo, polic\u00eda estatal, polic\u00eda ministerial y peritos de la fiscal\u00eda general del estado, siendo los que se hacen cargo de las diligencias correspondientes.<br>Esta secretar\u00eda de seguridad p\u00fablica, al estar en una investigaci\u00f3n en curso por parte de la fiscal\u00eda general del estado, no puede aportar m\u00e1s datos respecto al hecho.<\/p>\n\n\n\n<p>En este mismo sentido se informa que se brindar\u00e1 la cooperaci\u00f3n en caso de ser necesaria en el esclarecimiento del mismo por parte del ayuntamiento.<br>Tambi\u00e9n trascendi\u00f3 que familiares de los hoy occisos llegaron al lugar para participar en las indagatorias.<\/p>\n","protected":false},"excerpt":{"rendered":"<p>La noche de este s\u00e1bado dos personas perdieron la vida en la colonia Valle Sur, en Atlixco, por presunta ri\u00f1a. Testigos mencionaron que escucharon 10 detonaciones aproximadamente y vieron a un masculino retirarse de la zona a bordo de una motocicleta con direcci\u00f3n hacia el centro de Atlixco.De inmediato llegaron elementos de seguridad p\u00fablica a [&hellip;]<\/p>\n","protected":false},"author":4,"featured_media":9226,"comment_status":"open","ping_status":"open","sticky":false,"template":"","format":"standard","meta":{"om_disable_all_campaigns":false,"_monsterinsights_skip_tracking":false,"_monsterinsights_sitenote_active":false,"_monsterinsights_sitenote_note":"","_monsterinsights_sitenote_category":0,"footnotes":""},"categories":[175,226],"tags":[223],"class_list":["post-9225","post","type-post","status-publish","format-standard","has-post-thumbnail","hentry","category-local","category-policia","tag-puebla"],"amp_enabled":true,"_links":{"self":[{"href":"https:\/\/lahora.mx\/index.php\/wp-json\/wp\/v2\/posts\/9225","targetHints":{"allow":["GET"]}}],"collection":[{"href":"https:\/\/lahora.mx\/index.php\/wp-json\/wp\/v2\/posts"}],"about":[{"href":"https:\/\/lahora.mx\/index.php\/wp-json\/wp\/v2\/types\/post"}],"author":[{"embeddable":true,"href":"https:\/\/lahora.mx\/index.php\/wp-json\/wp\/v2\/users\/4"}],"replies":[{"embeddable":true,"href":"https:\/\/lahora.mx\/index.php\/wp-json\/wp\/v2\/comments?post=9225"}],"version-history":[{"count":1,"href":"https:\/\/lahora.mx\/index.php\/wp-json\/wp\/v2\/posts\/9225\/revisions"}],"predecessor-version":[{"id":9227,"href":"https:\/\/lahora.mx\/index.php\/wp-json\/wp\/v2\/posts\/9225\/revisions\/9227"}],"wp:featuredmedia":[{"embeddable":true,"href":"https:\/\/lahora.mx\/index.php\/wp-json\/wp\/v2\/media\/9226"}],"wp:attachment":[{"href":"https:\/\/lahora.mx\/index.php\/wp-json\/wp\/v2\/media?parent=9225"}],"wp:term":[{"taxonomy":"category","embeddable":true,"href":"https:\/\/lahora.mx\/index.php\/wp-json\/wp\/v2\/categories?post=9225"},{"taxonomy":"post_tag","embeddable":true,"href":"https:\/\/lahora.mx\/index.php\/wp-json\/wp\/v2\/tags?post=9225"}],"curies":[{"name":"wp","href":"https:\/\/api.w.org\/{rel}","templated":true}]}}