{"id":92234,"date":"2026-09-03T21:01:32","date_gmt":"2026-09-04T03:01:32","guid":{"rendered":"https:\/\/lahora.mx\/?p=92234"},"modified":"2026-09-03T21:01:33","modified_gmt":"2026-09-04T03:01:33","slug":"oso-silvestre-ingresa-a-una-vivienda-y-ataca-a-un-residente-en-la-zona-metropolitana-de-nuevo-leon","status":"publish","type":"post","link":"https:\/\/lahora.mx\/index.php\/2026\/09\/03\/oso-silvestre-ingresa-a-una-vivienda-y-ataca-a-un-residente-en-la-zona-metropolitana-de-nuevo-leon\/","title":{"rendered":"Oso Silvestre Ingresa a una Vivienda y Ataca a un Residente en la Zona Metropolitana de Nuevo Le\u00f3n"},"content":{"rendered":"\n<p class=\"wp-block-paragraph\">Momentos de tensi\u00f3n e hipervigilancia se vivieron en un sector residencial del estado de Nuevo Le\u00f3n, tras confirmarse el ingreso de un oso negro al interior de un domicilio particular. El esp\u00e9cimen de fauna silvestre irrumpi\u00f3 en la propiedad y sorprendi\u00f3 a uno de los habitantes de la vivienda, provoc\u00e1ndole lesiones f\u00edsicas durante el encuentro.<\/p>\n\n\n\n<p class=\"wp-block-paragraph\">Tras el reporte generado al n\u00famero de emergencias 911, cuerpos de auxilio m\u00e9dico y elementos de Protecci\u00f3n Civil se trasladaron al lugar de los hechos para brindar los primeros auxilios al hombre herido. Los param\u00e9dicos informaron que la v\u00edctima recibi\u00f3 atenci\u00f3n prehospitalaria y fue trasladada a una unidad m\u00e9dica cercana, report\u00e1ndose estable y fuera de peligro vital.<\/p>\n\n\n\n<p class=\"wp-block-paragraph\">Personal especializado de Parques y Vida Silvestre despleg\u00f3 un protocolo de contenci\u00f3n e inmovilizaci\u00f3n segura para capturar al mam\u00edfero sin poner en riesgo su integridad f\u00edsica ni la de los vecinos del sector. Tras ser evaluado por m\u00e9dicos veterinarios, el ejemplar fue preparado para su pronta reubicaci\u00f3n en su h\u00e1bitat natural alejado de las manchas urbanas.<\/p>\n\n\n\n<p class=\"wp-block-paragraph\">Las corporaciones de protecci\u00f3n civil reiteraron la importancia de no dejar contenedores de basura abiertos ni comida expuesta en las zonas colindantes con las monta\u00f1as. Las autoridades hicieron un llamado enf\u00e1tico a la poblaci\u00f3n a no intentar fotografiar, alimentar ni aproximarse a estos animales silvestres, solicitando reportar de inmediato cualquier avistamiento a los n\u00fameros de emergencia institucionales.<\/p>\n","protected":false},"excerpt":{"rendered":"<p>Momentos de tensi\u00f3n e hipervigilancia se vivieron en un sector residencial del estado de Nuevo Le\u00f3n, tras confirmarse el ingreso de un oso negro al interior de un domicilio particular. El esp\u00e9cimen de fauna silvestre irrumpi\u00f3 en la propiedad y sorprendi\u00f3 a uno de los habitantes de la vivienda, provoc\u00e1ndole lesiones f\u00edsicas durante el encuentro. [&hellip;]<\/p>\n","protected":false},"author":1,"featured_media":92236,"comment_status":"open","ping_status":"open","sticky":false,"template":"","format":"standard","meta":{"om_disable_all_campaigns":false,"_monsterinsights_skip_tracking":false,"footnotes":""},"categories":[175],"tags":[223],"class_list":["post-92234","post","type-post","status-publish","format-standard","has-post-thumbnail","hentry","category-local","tag-puebla"],"amp_enabled":true,"_links":{"self":[{"href":"https:\/\/lahora.mx\/index.php\/wp-json\/wp\/v2\/posts\/92234","targetHints":{"allow":["GET"]}}],"collection":[{"href":"https:\/\/lahora.mx\/index.php\/wp-json\/wp\/v2\/posts"}],"about":[{"href":"https:\/\/lahora.mx\/index.php\/wp-json\/wp\/v2\/types\/post"}],"author":[{"embeddable":true,"href":"https:\/\/lahora.mx\/index.php\/wp-json\/wp\/v2\/users\/1"}],"replies":[{"embeddable":true,"href":"https:\/\/lahora.mx\/index.php\/wp-json\/wp\/v2\/comments?post=92234"}],"version-history":[{"count":1,"href":"https:\/\/lahora.mx\/index.php\/wp-json\/wp\/v2\/posts\/92234\/revisions"}],"predecessor-version":[{"id":92237,"href":"https:\/\/lahora.mx\/index.php\/wp-json\/wp\/v2\/posts\/92234\/revisions\/92237"}],"wp:featuredmedia":[{"embeddable":true,"href":"https:\/\/lahora.mx\/index.php\/wp-json\/wp\/v2\/media\/92236"}],"wp:attachment":[{"href":"https:\/\/lahora.mx\/index.php\/wp-json\/wp\/v2\/media?parent=92234"}],"wp:term":[{"taxonomy":"category","embeddable":true,"href":"https:\/\/lahora.mx\/index.php\/wp-json\/wp\/v2\/categories?post=92234"},{"taxonomy":"post_tag","embeddable":true,"href":"https:\/\/lahora.mx\/index.php\/wp-json\/wp\/v2\/tags?post=92234"}],"curies":[{"name":"wp","href":"https:\/\/api.w.org\/{rel}","templated":true}]}}