{"id":92231,"date":"2026-09-03T20:45:59","date_gmt":"2026-09-04T02:45:59","guid":{"rendered":"https:\/\/lahora.mx\/?p=92231"},"modified":"2026-09-03T20:46:00","modified_gmt":"2026-09-04T02:46:00","slug":"presentan-el-calendario-de-dispersion-para-la-pension-del-bienestar-correspondiente-a-septiembre-octubre","status":"publish","type":"post","link":"https:\/\/lahora.mx\/index.php\/2026\/09\/03\/presentan-el-calendario-de-dispersion-para-la-pension-del-bienestar-correspondiente-a-septiembre-octubre\/","title":{"rendered":"Presentan el Calendario de Dispersi\u00f3n para la Pensi\u00f3n del Bienestar Correspondiente a Septiembre-Octubre"},"content":{"rendered":"\n<p class=\"wp-block-paragraph\">La Secretar\u00eda de Bienestar hizo p\u00fablico el calendario oficial mediante el cual se realizar\u00e1 la entrega de recursos econ\u00f3micos correspondientes al bimestre septiembre-octubre de 2026. El esquema de dispersi\u00f3n aplica para los programas de Pensi\u00f3n para el Bienestar de las Personas Adultas Mayores, Personas con Discapacidad y el Programa de Apoyo para Ni\u00f1os y Ni\u00f1as, Hijos de Madres Trabajadoras en todo el pa\u00eds.<\/p>\n\n\n\n<p class=\"wp-block-paragraph\">De acuerdo con las reglas de operaci\u00f3n, los dep\u00f3sitos se realizar\u00e1n de manera progresiva tomando como referencia la letra inicial del primer apellido de las y los derechohabientes. Los fondos son transferidos directamente a las tarjetas pl\u00e1sticas emitidas por el Banco del Bienestar, eliminando la intermediaci\u00f3n de gestores o pagos en efectivo en mesas de atenci\u00f3n.<\/p>\n\n\n\n<p class=\"wp-block-paragraph\">Las autoridades federales recordaron a la ciudadan\u00eda que no es necesario retirar la totalidad del dinero el mismo d\u00eda del dep\u00f3sito, ya que los recursos permanecen seguros en la cuenta bancaria. Asimismo, los beneficiarios pueden utilizar la tarjeta bancaria en establecimientos comerciales, supermercados y farmacias que cuenten con terminal punto de venta sin la generaci\u00f3n de comisiones adicionales.<\/p>\n\n\n\n<p class=\"wp-block-paragraph\">Para consultar las fechas exactas que corresponden a cada letra del abecedario, la delegaci\u00f3n estatal de los programas sociales recomend\u00f3 verificar los canales digitales de la Secretar\u00eda de Bienestar. Se inst\u00f3 a los adultos mayores a acudir a las sucursales acompa\u00f1ados por un familiar y respetar las recomendaciones del personal para evitar aglomeraciones en los cajeros autom\u00e1ticos.<\/p>\n","protected":false},"excerpt":{"rendered":"<p>La Secretar\u00eda de Bienestar hizo p\u00fablico el calendario oficial mediante el cual se realizar\u00e1 la entrega de recursos econ\u00f3micos correspondientes al bimestre septiembre-octubre de 2026. El esquema de dispersi\u00f3n aplica para los programas de Pensi\u00f3n para el Bienestar de las Personas Adultas Mayores, Personas con Discapacidad y el Programa de Apoyo para Ni\u00f1os y Ni\u00f1as, [&hellip;]<\/p>\n","protected":false},"author":1,"featured_media":92232,"comment_status":"open","ping_status":"open","sticky":false,"template":"","format":"standard","meta":{"om_disable_all_campaigns":false,"_monsterinsights_skip_tracking":false,"footnotes":""},"categories":[176],"tags":[223],"class_list":["post-92231","post","type-post","status-publish","format-standard","has-post-thumbnail","hentry","category-nacional","tag-puebla"],"amp_enabled":true,"_links":{"self":[{"href":"https:\/\/lahora.mx\/index.php\/wp-json\/wp\/v2\/posts\/92231","targetHints":{"allow":["GET"]}}],"collection":[{"href":"https:\/\/lahora.mx\/index.php\/wp-json\/wp\/v2\/posts"}],"about":[{"href":"https:\/\/lahora.mx\/index.php\/wp-json\/wp\/v2\/types\/post"}],"author":[{"embeddable":true,"href":"https:\/\/lahora.mx\/index.php\/wp-json\/wp\/v2\/users\/1"}],"replies":[{"embeddable":true,"href":"https:\/\/lahora.mx\/index.php\/wp-json\/wp\/v2\/comments?post=92231"}],"version-history":[{"count":1,"href":"https:\/\/lahora.mx\/index.php\/wp-json\/wp\/v2\/posts\/92231\/revisions"}],"predecessor-version":[{"id":92233,"href":"https:\/\/lahora.mx\/index.php\/wp-json\/wp\/v2\/posts\/92231\/revisions\/92233"}],"wp:featuredmedia":[{"embeddable":true,"href":"https:\/\/lahora.mx\/index.php\/wp-json\/wp\/v2\/media\/92232"}],"wp:attachment":[{"href":"https:\/\/lahora.mx\/index.php\/wp-json\/wp\/v2\/media?parent=92231"}],"wp:term":[{"taxonomy":"category","embeddable":true,"href":"https:\/\/lahora.mx\/index.php\/wp-json\/wp\/v2\/categories?post=92231"},{"taxonomy":"post_tag","embeddable":true,"href":"https:\/\/lahora.mx\/index.php\/wp-json\/wp\/v2\/tags?post=92231"}],"curies":[{"name":"wp","href":"https:\/\/api.w.org\/{rel}","templated":true}]}}