{"id":92228,"date":"2026-09-03T20:43:15","date_gmt":"2026-09-04T02:43:15","guid":{"rendered":"https:\/\/lahora.mx\/?p=92228"},"modified":"2026-09-03T20:43:16","modified_gmt":"2026-09-04T02:43:16","slug":"alcalde-de-tehuitzingo-desmarca-su-participacion-en-el-homicidio-del-creador-de-contenido-ricardo-zuniga","status":"publish","type":"post","link":"https:\/\/lahora.mx\/index.php\/2026\/09\/03\/alcalde-de-tehuitzingo-desmarca-su-participacion-en-el-homicidio-del-creador-de-contenido-ricardo-zuniga\/","title":{"rendered":"Alcalde de Tehuitzingo Desmarca su Participaci\u00f3n en el Homicidio del Creador de Contenido Ricardo Z\u00fa\u00f1iga"},"content":{"rendered":"\n<p class=\"wp-block-paragraph\">El presidente municipal de Tehuitzingo, Jorge Estrada Gervacio, emiti\u00f3 una postura p\u00fablica para rechazar categ\u00f3ricamente cualquier vinculaci\u00f3n o responsabilidad en el asesinato del comunicador y creador de contenidos digitales, Ricardo Z\u00fa\u00f1iga Rosas. El mun\u00edcipe afirm\u00f3 que se encuentra en la disposici\u00f3n absoluta de acudir a declarar ante las instancias de la Fiscal\u00eda General del Estado (FGE) en caso de ser requerido de manera oficial.<\/p>\n\n\n\n<p class=\"wp-block-paragraph\">El pronunciamiento del edil ocurre tras el crimen registrado en la comunidad de la Mixteca poblana, donde la v\u00edctima fue atacada a balazos por sujetos desconocidos al interior de su establecimiento comercial. Durante su mensaje a medios, Estrada Gervacio solicit\u00f3 a las autoridades ministeriales agilizar los peritajes e investigaciones para dar con la identidad de los autores materiales e intelectuales del homicidio y \u00ablimpiar su nombre\u00bb.<\/p>\n\n\n\n<p class=\"wp-block-paragraph\">El caso ha generado conmoci\u00f3n en la regi\u00f3n debido a que, meses previos a su deceso, el joven creador de contenido hab\u00eda denunciado mediante sus redes sociales haber recibido amenazas de muerte. En dichas publicaciones, Z\u00fa\u00f1iga se\u00f1alaba presuntas irregularidades en la administraci\u00f3n municipal, situaci\u00f3n que encendi\u00f3 el debate p\u00fablico en la zona.<\/p>\n\n\n\n<p class=\"wp-block-paragraph\">El alcalde solicit\u00f3 el refuerzo de la Secretar\u00eda de Seguridad P\u00fablica del Estado en las calles de Tehuitzingo para garantizar la tranquilidad comunitaria. Finalmente, las autoridades investigadoras contin\u00faan recabando indicios bal\u00edsticos y testimoniales para esclarecer los m\u00f3viles del ataque violento.<\/p>\n","protected":false},"excerpt":{"rendered":"<p>El presidente municipal de Tehuitzingo, Jorge Estrada Gervacio, emiti\u00f3 una postura p\u00fablica para rechazar categ\u00f3ricamente cualquier vinculaci\u00f3n o responsabilidad en el asesinato del comunicador y creador de contenidos digitales, Ricardo Z\u00fa\u00f1iga Rosas. El mun\u00edcipe afirm\u00f3 que se encuentra en la disposici\u00f3n absoluta de acudir a declarar ante las instancias de la Fiscal\u00eda General del Estado [&hellip;]<\/p>\n","protected":false},"author":1,"featured_media":92229,"comment_status":"open","ping_status":"open","sticky":false,"template":"","format":"standard","meta":{"om_disable_all_campaigns":false,"_monsterinsights_skip_tracking":false,"footnotes":""},"categories":[5],"tags":[223],"class_list":["post-92228","post","type-post","status-publish","format-standard","has-post-thumbnail","hentry","category-politica","tag-puebla"],"amp_enabled":true,"_links":{"self":[{"href":"https:\/\/lahora.mx\/index.php\/wp-json\/wp\/v2\/posts\/92228","targetHints":{"allow":["GET"]}}],"collection":[{"href":"https:\/\/lahora.mx\/index.php\/wp-json\/wp\/v2\/posts"}],"about":[{"href":"https:\/\/lahora.mx\/index.php\/wp-json\/wp\/v2\/types\/post"}],"author":[{"embeddable":true,"href":"https:\/\/lahora.mx\/index.php\/wp-json\/wp\/v2\/users\/1"}],"replies":[{"embeddable":true,"href":"https:\/\/lahora.mx\/index.php\/wp-json\/wp\/v2\/comments?post=92228"}],"version-history":[{"count":1,"href":"https:\/\/lahora.mx\/index.php\/wp-json\/wp\/v2\/posts\/92228\/revisions"}],"predecessor-version":[{"id":92230,"href":"https:\/\/lahora.mx\/index.php\/wp-json\/wp\/v2\/posts\/92228\/revisions\/92230"}],"wp:featuredmedia":[{"embeddable":true,"href":"https:\/\/lahora.mx\/index.php\/wp-json\/wp\/v2\/media\/92229"}],"wp:attachment":[{"href":"https:\/\/lahora.mx\/index.php\/wp-json\/wp\/v2\/media?parent=92228"}],"wp:term":[{"taxonomy":"category","embeddable":true,"href":"https:\/\/lahora.mx\/index.php\/wp-json\/wp\/v2\/categories?post=92228"},{"taxonomy":"post_tag","embeddable":true,"href":"https:\/\/lahora.mx\/index.php\/wp-json\/wp\/v2\/tags?post=92228"}],"curies":[{"name":"wp","href":"https:\/\/api.w.org\/{rel}","templated":true}]}}