{"id":92225,"date":"2026-09-03T20:23:55","date_gmt":"2026-09-04T02:23:55","guid":{"rendered":"https:\/\/lahora.mx\/?p=92225"},"modified":"2026-09-03T20:23:56","modified_gmt":"2026-09-04T02:23:56","slug":"advierten-perdida-de-hasta-cuatro-mil-empleos-en-puebla-por-efecto-domino-de-los-despidos-en-volkswagen-2","status":"publish","type":"post","link":"https:\/\/lahora.mx\/index.php\/2026\/09\/03\/advierten-perdida-de-hasta-cuatro-mil-empleos-en-puebla-por-efecto-domino-de-los-despidos-en-volkswagen-2\/","title":{"rendered":"Advierten P\u00e9rdida de Hasta Cuatro Mil Empleos en Puebla por Efecto Domin\u00f3 de los Despidos en Volkswagen"},"content":{"rendered":"\n<p class=\"wp-block-paragraph\">La Red Mexicana de Franquicias (RMF) emiti\u00f3 una alerta sobre las implicaciones econ\u00f3micas que generar\u00e1 el recorte de personal en la planta de Volkswagen instalada en el municipio de Cuautlancingo. De acuerdo con proyecciones del organismo empresarial, el reajuste en la armadora alemana desencadenar\u00e1 un \u00abefecto domin\u00f3\u00bb que podr\u00eda provocar la p\u00e9rdida de entre 3 mil 930 y 4 mil puestos de trabajo adicionales en el estado de Puebla antes de que concluya el a\u00f1o 2026.<\/p>\n\n\n\n<p class=\"wp-block-paragraph\">El vicepresidente de Seguridad de la RMF, Roberto Esquivel Ruiseco, explic\u00f3 que la reducci\u00f3n de plazas operativas impacta de manera directa a la cadena de proveedores y servicios log\u00edsticos. Por cada trabajador que pierda su empleo dentro de la planta automotriz, se calcula una afectaci\u00f3n proporcional de cinco a uno en las peque\u00f1as y medianas empresas sat\u00e9lite que dependen del suministro de autopartes, comedores industriales, transporte y mantenimiento.<\/p>\n\n\n\n<p class=\"wp-block-paragraph\">A la compleja coyuntura local se suma la desaceleraci\u00f3n de la industria automotriz a nivel global, provocada por los costos de producci\u00f3n, la transici\u00f3n hacia esquemas el\u00e9ctricos y las incertidumbres en materia de aranceles comerciales con el mercado de Estados Unidos. Los analistas prev\u00e9n que el ajuste afecte a m\u00e1s de 13 mil dependientes econ\u00f3micos, colocando a un n\u00famero significativo de familias en situaci\u00f3n de vulnerabilidad financiera.<\/p>\n\n\n\n<p class=\"wp-block-paragraph\">Ante este panorama, representantes del sector empresarial hicieron un llamado urgente a las autoridades estatales de econom\u00eda e infraestructura para implementar mesas de trabajo extraordinarias. Se solicit\u00f3 el dise\u00f1o de planes de contingencia laboral que permitan la reubicaci\u00f3n de personal t\u00e9cnico calificado y el fortalecimiento de otros sectores productivos dentro del estado para amortiguar la contracci\u00f3n del empleo formal.<\/p>\n\n\n\n<h2 class=\"wp-block-heading\"><\/h2>\n","protected":false},"excerpt":{"rendered":"<p>La Red Mexicana de Franquicias (RMF) emiti\u00f3 una alerta sobre las implicaciones econ\u00f3micas que generar\u00e1 el recorte de personal en la planta de Volkswagen instalada en el municipio de Cuautlancingo. De acuerdo con proyecciones del organismo empresarial, el reajuste en la armadora alemana desencadenar\u00e1 un \u00abefecto domin\u00f3\u00bb que podr\u00eda provocar la p\u00e9rdida de entre 3 [&hellip;]<\/p>\n","protected":false},"author":1,"featured_media":92226,"comment_status":"open","ping_status":"open","sticky":false,"template":"","format":"standard","meta":{"om_disable_all_campaigns":false,"_monsterinsights_skip_tracking":false,"footnotes":""},"categories":[176,2],"tags":[195,223],"class_list":["post-92225","post","type-post","status-publish","format-standard","has-post-thumbnail","hentry","category-nacional","category-negocios","tag-principal","tag-puebla"],"amp_enabled":true,"_links":{"self":[{"href":"https:\/\/lahora.mx\/index.php\/wp-json\/wp\/v2\/posts\/92225","targetHints":{"allow":["GET"]}}],"collection":[{"href":"https:\/\/lahora.mx\/index.php\/wp-json\/wp\/v2\/posts"}],"about":[{"href":"https:\/\/lahora.mx\/index.php\/wp-json\/wp\/v2\/types\/post"}],"author":[{"embeddable":true,"href":"https:\/\/lahora.mx\/index.php\/wp-json\/wp\/v2\/users\/1"}],"replies":[{"embeddable":true,"href":"https:\/\/lahora.mx\/index.php\/wp-json\/wp\/v2\/comments?post=92225"}],"version-history":[{"count":1,"href":"https:\/\/lahora.mx\/index.php\/wp-json\/wp\/v2\/posts\/92225\/revisions"}],"predecessor-version":[{"id":92227,"href":"https:\/\/lahora.mx\/index.php\/wp-json\/wp\/v2\/posts\/92225\/revisions\/92227"}],"wp:featuredmedia":[{"embeddable":true,"href":"https:\/\/lahora.mx\/index.php\/wp-json\/wp\/v2\/media\/92226"}],"wp:attachment":[{"href":"https:\/\/lahora.mx\/index.php\/wp-json\/wp\/v2\/media?parent=92225"}],"wp:term":[{"taxonomy":"category","embeddable":true,"href":"https:\/\/lahora.mx\/index.php\/wp-json\/wp\/v2\/categories?post=92225"},{"taxonomy":"post_tag","embeddable":true,"href":"https:\/\/lahora.mx\/index.php\/wp-json\/wp\/v2\/tags?post=92225"}],"curies":[{"name":"wp","href":"https:\/\/api.w.org\/{rel}","templated":true}]}}