{"id":9222,"date":"2022-07-02T20:31:55","date_gmt":"2022-07-02T20:31:55","guid":{"rendered":"http:\/\/lahora.mx\/?p=9222"},"modified":"2022-07-02T20:31:56","modified_gmt":"2022-07-02T20:31:56","slug":"ip-exige-plan-contra-violencia-en-puebla-tras-tiroteo-en-centro-de-vacunacion","status":"publish","type":"post","link":"https:\/\/lahora.mx\/index.php\/2022\/07\/02\/ip-exige-plan-contra-violencia-en-puebla-tras-tiroteo-en-centro-de-vacunacion\/","title":{"rendered":"IP exige plan contra violencia en Puebla tras tiroteo en centro de vacunaci\u00f3n"},"content":{"rendered":"\n<p>C\u00e1maras empresariales de Puebla demandaron estrategias contra la violencia e inseguridad en el estado, tras el ataque armado en un centro de vacunaci\u00f3n, por lo que sentenciaron que no se puede permitir que esto se normalice.<\/p>\n\n\n\n<p>El presidente de la C\u00e1mara Nacional de la Industria de la Transformaci\u00f3n (Canacintra), Luis Espinosa Rueda, alert\u00f3 en entrevista que la inseguridad ha avanzado en todo el pa\u00eds y Puebla lo ha resentido.<\/p>\n\n\n\n<p>Sin embargo, enfatiz\u00f3 que no puede volverse rutinario que haya balaceras en el estado, como la que se present\u00f3 en la vacunaci\u00f3n de menores en la colonia Francisco I. Madero de la capital:<\/p>\n\n\n\n<p>\u201cNo puede ser que se pueda volver ya esto una rutina de sicarios que andan en moto y que llegan a cualquier evento y disparan, esto no se ve\u00eda en a\u00f1os anteriores, pero creo que es un efecto de la descomposici\u00f3n a nivel nacional\u201d, apunt\u00f3.<br>En su \u00e1mbito, reconoci\u00f3 que estos hechos son perjudiciales para el sector empresarial, por lo que se pronunci\u00f3 a favor de alguna regulaci\u00f3n o revisi\u00f3n a motociclistas.<\/p>\n\n\n\n<p>Tambi\u00e9n alert\u00f3 el incremento de uso y f\u00e1cil acceso a las armas, de ah\u00ed que enfatiz\u00f3 que la soluci\u00f3n a la violencia no es armando a toda la sociedad, pues no se trata de \u201chacer justicia por propia mano\u201d.<\/p>\n\n\n\n<p>\u201cAparte de la p\u00e9rdida de vidas, hay un estado de derecho fallido, una procuraci\u00f3n de justicia que no llega a dar los resultados que esperamos tanto en Puebla como en todo el pa\u00eds\u201d, denunci\u00f3.<br>Marco Antonio Pr\u00f3speri Calder\u00f3n, presidente de la C\u00e1mara de Comercio, Servicios y Turismo (Canaco) Puebla, coincidi\u00f3 en entrevista que no debe normalizarse lo ocurrido en el centro de vacunaci\u00f3n, pues estos eventos no ocurren diariamente.<\/p>\n\n\n\n<p>No obstante, enfatiz\u00f3 que para evitar m\u00e1s eventos as\u00ed, la sociedad debe denunciar los delitos y actos de violencia, pues expres\u00f3 que por no denunciar avanza la delincuencia o se intenta \u201chacer justicia por propia mano\u201d, lo cual tambi\u00e9n es reprobable.<\/p>\n\n\n\n<p>\u201cYo har\u00eda un llamado a la sociedad, porque estamos viviendo tiempos bien complicados, donde la sociedad estamos ya acostumbr\u00e1ndonos a vivir en un estado digamos de violencia (\u2026) la sociedad estamos tomando la justicia por nuestra propia mano\u201d, se\u00f1al\u00f3.<\/p>\n\n\n\n<p>Record\u00f3 que en el linchamiento ocurrido en Huauchinango muri\u00f3 un joven abogado por falsas acusaciones, as\u00ed que vio indispensable denunciar los hechos a las autoridades pertinentes.<\/p>\n\n\n\n<p>A turismo preocupa la seguridad<\/p>\n\n\n\n<p>Al sector restaurantero tambi\u00e9n preocupa el aumento de la inseguridad en el estado, pues el presidente de la C\u00e1mara Nacional de la Industria Restaurantera y Alimentos Condimentados (Canirac) Carlos Azomoza Alacio, reconoci\u00f3 que siempre es de lo primero que preguntan las y los visitantes.<\/p>\n\n\n\n<p>\u201cLos turistas preguntan mucho cuando llegan a la ciudad, llegan a un restaurante, preguntan: oiga qu\u00e9 tan seguro es, y la verdad es que la sensaci\u00f3n que nosotros tenemos es que todav\u00eda la ciudad es tranquila\u201d, refiri\u00f3.<\/p>\n\n\n\n<p>Al igual que el presidente de Canacintra, mostr\u00f3 preocupaci\u00f3n sobre las motocicletas, pues dijo que muchas personas usan las cajas de las aplicaciones de comida para simular que son repartidores, cuando en realidad cometen asaltos con todo y la caja membretada en su veh\u00edculo.<\/p>\n\n\n\n<p>SSP ignora a Coparmex<\/p>\n\n\n\n<p>El pasado 30 de junio el Centro Empresarial de Puebla Coparmex celebr\u00f3 una reuni\u00f3n con dependencias de seguridad municipales, mientras que la Secretar\u00eda de Seguridad P\u00fablica (SSP) estatal ignor\u00f3 el llamado.<\/p>\n\n\n\n<p>En un comunicado se inform\u00f3 que acordaron establecer una mesa de trabajo trimestral, en coordinaci\u00f3n con la sociedad civil.<\/p>\n\n\n\n<p>Coparmex se\u00f1al\u00f3 que se comprometi\u00f3 a crear empleos formales, por ser la pobreza una de las principales razones de incursi\u00f3n a la delincuencia.<\/p>\n\n\n\n<p>\u201cPor nuestra parte, nos comprometimos a seguir trabajando en la creaci\u00f3n de empleos formales, la vida criminal no puede ser la \u00fanica opci\u00f3n para cientos de j\u00f3venes que no encuentran otras oportunidades, vamos a generarlas desde las empresas\u201d, afirm\u00f3.<\/p>\n\n\n\n<p>En la reuni\u00f3n participaron titulares de seguridad p\u00fablica de los municipios de Puebla, San Andr\u00e9s Cholula y San Mart\u00edn Texmelucan.<\/p>\n\n\n\n<p>Y destac\u00f3 que no hubo respuesta a la invitaci\u00f3n por parte del secretario de Seguridad P\u00fablica del estado:<\/p>\n\n\n\n<p>\u201cCabe destacar que se invit\u00f3 al Secretario de Seguridad P\u00fablica del estado, pero lamentablemente no tuvimos respuesta, sin embargo dejamos abierta la posibilidad de que en alg\u00fan momento podamos concretar una reuni\u00f3n\u201d.<br>A su vez, Canirac destac\u00f3 que realizan comidas y premiaciones a polic\u00edas con detenciones importantes o \u201cactos heroicos\u201d, con el objetivo de incentivar su trabajo y coordinarse con las autoridades.<\/p>\n","protected":false},"excerpt":{"rendered":"<p>C\u00e1maras empresariales de Puebla demandaron estrategias contra la violencia e inseguridad en el estado, tras el ataque armado en un centro de vacunaci\u00f3n, por lo que sentenciaron que no se puede permitir que esto se normalice. El presidente de la C\u00e1mara Nacional de la Industria de la Transformaci\u00f3n (Canacintra), Luis Espinosa Rueda, alert\u00f3 en entrevista [&hellip;]<\/p>\n","protected":false},"author":4,"featured_media":9223,"comment_status":"open","ping_status":"open","sticky":false,"template":"","format":"standard","meta":{"om_disable_all_campaigns":false,"_monsterinsights_skip_tracking":false,"_monsterinsights_sitenote_active":false,"_monsterinsights_sitenote_note":"","_monsterinsights_sitenote_category":0,"footnotes":""},"categories":[175],"tags":[],"class_list":["post-9222","post","type-post","status-publish","format-standard","has-post-thumbnail","hentry","category-local"],"amp_enabled":true,"_links":{"self":[{"href":"https:\/\/lahora.mx\/index.php\/wp-json\/wp\/v2\/posts\/9222","targetHints":{"allow":["GET"]}}],"collection":[{"href":"https:\/\/lahora.mx\/index.php\/wp-json\/wp\/v2\/posts"}],"about":[{"href":"https:\/\/lahora.mx\/index.php\/wp-json\/wp\/v2\/types\/post"}],"author":[{"embeddable":true,"href":"https:\/\/lahora.mx\/index.php\/wp-json\/wp\/v2\/users\/4"}],"replies":[{"embeddable":true,"href":"https:\/\/lahora.mx\/index.php\/wp-json\/wp\/v2\/comments?post=9222"}],"version-history":[{"count":1,"href":"https:\/\/lahora.mx\/index.php\/wp-json\/wp\/v2\/posts\/9222\/revisions"}],"predecessor-version":[{"id":9224,"href":"https:\/\/lahora.mx\/index.php\/wp-json\/wp\/v2\/posts\/9222\/revisions\/9224"}],"wp:featuredmedia":[{"embeddable":true,"href":"https:\/\/lahora.mx\/index.php\/wp-json\/wp\/v2\/media\/9223"}],"wp:attachment":[{"href":"https:\/\/lahora.mx\/index.php\/wp-json\/wp\/v2\/media?parent=9222"}],"wp:term":[{"taxonomy":"category","embeddable":true,"href":"https:\/\/lahora.mx\/index.php\/wp-json\/wp\/v2\/categories?post=9222"},{"taxonomy":"post_tag","embeddable":true,"href":"https:\/\/lahora.mx\/index.php\/wp-json\/wp\/v2\/tags?post=9222"}],"curies":[{"name":"wp","href":"https:\/\/api.w.org\/{rel}","templated":true}]}}