{"id":92218,"date":"2026-09-03T20:13:51","date_gmt":"2026-09-04T02:13:51","guid":{"rendered":"https:\/\/lahora.mx\/?p=92218"},"modified":"2026-09-03T20:13:52","modified_gmt":"2026-09-04T02:13:52","slug":"puebla-consolida-su-vocacion-destiladora-con-la-inauguracion-del-encuentro-nacional-del-mezcal-2026","status":"publish","type":"post","link":"https:\/\/lahora.mx\/index.php\/2026\/09\/03\/puebla-consolida-su-vocacion-destiladora-con-la-inauguracion-del-encuentro-nacional-del-mezcal-2026\/","title":{"rendered":"Puebla Consolida su Vocaci\u00f3n Destiladora con la Inauguraci\u00f3n del Encuentro Nacional del Mezcal 2026"},"content":{"rendered":"\n<p class=\"wp-block-paragraph\">El gobernador de Puebla, Alejandro Armenta Mier, encabez\u00f3 la inauguraci\u00f3n oficial del Segundo Encuentro Nacional del Mezcal Puebla 2026, encuentro que se desarrolla en el Centro de Convenciones William O. Jenkins de la capital poblana. El evento re\u00fane a m\u00e1s de 300 marcas provenientes de ocho entidades federativas como Oaxaca, Guerrero, Durango, Guanajuato, Morelos, Estado de M\u00e9xico y Michoac\u00e1n, consolidando a la entidad como un punto neur\u00e1lgico de la industria agroindustrial en el pa\u00eds.<\/p>\n\n\n\n<p class=\"wp-block-paragraph\">Durante el acto protocolario, las autoridades estatales destacaron que Puebla vive un proceso de fortalecimiento en el sector del campo, al contar actualmente con m\u00e1s de 20 mil hect\u00e1reas dedicadas al cultivo de agave y una producci\u00f3n anual que supera los 650 mil litros de mezcal. De igual manera, se enfatiz\u00f3 que el noventa por ciento de la producci\u00f3n local proviene de peque\u00f1os agricultores, lo que genera entre 8 mil 500 y 10 mil empleos directos e indirectos dentro de las zonas rurales del territorio poblano.<\/p>\n\n\n\n<p class=\"wp-block-paragraph\">En el marco de la inauguraci\u00f3n, se anunci\u00f3 la entrega del programa de apoyos 2026 para la estrategia de Impulso al Agave Mezcalero y Pulquero, el cual dispone de un fondo gubernamental de 50 millones de pesos. Asimismo, se otorgaron reconocimientos p\u00f3stumos y galardones en vida a maestros mezcaleros de la regi\u00f3n Mixteca y del Valle de Atlixco con m\u00e1s de seis d\u00e9cadas de trayectoria, adem\u00e1s de premiar a los ganadores del concurso \u00abPremio al Origen 2026\u00bb.<\/p>\n\n\n\n<p class=\"wp-block-paragraph\">El encuentro internacional estar\u00e1 abierto al p\u00fablico general ofreciendo mesas de negocios, capacitaciones t\u00e9cnicas, ponencias especializadas y muestras de mixolog\u00eda artesanal. Las autoridades hicieron un llamado a la ciudadan\u00eda a visitar el recinto para conocer la diversidad biol\u00f3gica de los agaves poblanos y apoyar la econom\u00eda de las familias productoras que preservan esta tradici\u00f3n ancestral.<\/p>\n","protected":false},"excerpt":{"rendered":"<p>El gobernador de Puebla, Alejandro Armenta Mier, encabez\u00f3 la inauguraci\u00f3n oficial del Segundo Encuentro Nacional del Mezcal Puebla 2026, encuentro que se desarrolla en el Centro de Convenciones William O. Jenkins de la capital poblana. El evento re\u00fane a m\u00e1s de 300 marcas provenientes de ocho entidades federativas como Oaxaca, Guerrero, Durango, Guanajuato, Morelos, Estado [&hellip;]<\/p>\n","protected":false},"author":1,"featured_media":92219,"comment_status":"open","ping_status":"open","sticky":false,"template":"","format":"standard","meta":{"om_disable_all_campaigns":false,"_monsterinsights_skip_tracking":false,"footnotes":""},"categories":[175],"tags":[239,195,223],"class_list":["post-92218","post","type-post","status-publish","format-standard","has-post-thumbnail","hentry","category-local","tag-gobierno","tag-principal","tag-puebla"],"amp_enabled":true,"_links":{"self":[{"href":"https:\/\/lahora.mx\/index.php\/wp-json\/wp\/v2\/posts\/92218","targetHints":{"allow":["GET"]}}],"collection":[{"href":"https:\/\/lahora.mx\/index.php\/wp-json\/wp\/v2\/posts"}],"about":[{"href":"https:\/\/lahora.mx\/index.php\/wp-json\/wp\/v2\/types\/post"}],"author":[{"embeddable":true,"href":"https:\/\/lahora.mx\/index.php\/wp-json\/wp\/v2\/users\/1"}],"replies":[{"embeddable":true,"href":"https:\/\/lahora.mx\/index.php\/wp-json\/wp\/v2\/comments?post=92218"}],"version-history":[{"count":1,"href":"https:\/\/lahora.mx\/index.php\/wp-json\/wp\/v2\/posts\/92218\/revisions"}],"predecessor-version":[{"id":92220,"href":"https:\/\/lahora.mx\/index.php\/wp-json\/wp\/v2\/posts\/92218\/revisions\/92220"}],"wp:featuredmedia":[{"embeddable":true,"href":"https:\/\/lahora.mx\/index.php\/wp-json\/wp\/v2\/media\/92219"}],"wp:attachment":[{"href":"https:\/\/lahora.mx\/index.php\/wp-json\/wp\/v2\/media?parent=92218"}],"wp:term":[{"taxonomy":"category","embeddable":true,"href":"https:\/\/lahora.mx\/index.php\/wp-json\/wp\/v2\/categories?post=92218"},{"taxonomy":"post_tag","embeddable":true,"href":"https:\/\/lahora.mx\/index.php\/wp-json\/wp\/v2\/tags?post=92218"}],"curies":[{"name":"wp","href":"https:\/\/api.w.org\/{rel}","templated":true}]}}