{"id":92215,"date":"2026-09-03T19:55:09","date_gmt":"2026-09-04T01:55:09","guid":{"rendered":"https:\/\/lahora.mx\/?p=92215"},"modified":"2026-09-03T19:55:10","modified_gmt":"2026-09-04T01:55:10","slug":"encuentran-cadaver-decapitado-en-campos-de-cultivo-de-huejotzingo","status":"publish","type":"post","link":"https:\/\/lahora.mx\/index.php\/2026\/09\/03\/encuentran-cadaver-decapitado-en-campos-de-cultivo-de-huejotzingo\/","title":{"rendered":"Encuentran Cad\u00e1ver Decapitado en Campos de Cultivo de Huejotzingo"},"content":{"rendered":"\n<p class=\"wp-block-paragraph\">Un aterrador hallazgo moviliz\u00f3 a las corporaciones policiales en el municipio de Huejotzingo, luego de que campesinos localizaron el cuerpo sin vida y decapitado de un hombre entre los campos de siembra de la comunidad de Santa Ana Xalmimilulco.<\/p>\n\n\n\n<p class=\"wp-block-paragraph\">El descubrimiento ocurri\u00f3 durante la jornada de trabajo agr\u00edcola, cuando los pobladores notaron la presencia de una persona inm\u00f3vil en terrenos dedicados al cultivo. Al acercarse, confirmaron que la v\u00edctima carec\u00eda de extremidad cef\u00e1lica, por lo que dieron aviso inmediato a las autoridades locales a trav\u00e9s del n\u00famero 911.<\/p>\n\n\n\n<p class=\"wp-block-paragraph\">Elementos de la Polic\u00eda Municipal y de la Secretar\u00eda de Seguridad P\u00fablica del Estado arribaron como primeros respondientes y procedieron al acordonamiento del \u00e1rea delimitada para preservar las evidencias. Asimismo, personal de seguridad implement\u00f3 un recorrido por los alrededores en b\u00fasqueda de indicios adicionales.<\/p>\n\n\n\n<p class=\"wp-block-paragraph\">Peritos y agentes de investigaci\u00f3n de la Fiscal\u00eda General del Estado (FGE) se hicieron presentes en el lugar para llevar a cabo el levantamiento del cad\u00e1ver e iniciar las diligencias de ley. Trascendi\u00f3 de manera extraoficial que la v\u00edctima corresponder\u00eda a un var\u00f3n joven, cuya identidad se encuentra en calidad de desconocida.<\/p>\n\n\n\n<p class=\"wp-block-paragraph\">El cuerpo fue trasladado al Servicio M\u00e9dico Forense (SEMEFO) para practicarle la necropsia correspondiente y determinar las causas exactas del deceso. La Fiscal\u00eda abri\u00f3 la carpeta de investigaci\u00f3n previa para determinar el m\u00f3vil de este crimen y dar con los responsables.<\/p>\n","protected":false},"excerpt":{"rendered":"<p>Un aterrador hallazgo moviliz\u00f3 a las corporaciones policiales en el municipio de Huejotzingo, luego de que campesinos localizaron el cuerpo sin vida y decapitado de un hombre entre los campos de siembra de la comunidad de Santa Ana Xalmimilulco. El descubrimiento ocurri\u00f3 durante la jornada de trabajo agr\u00edcola, cuando los pobladores notaron la presencia de [&hellip;]<\/p>\n","protected":false},"author":1,"featured_media":92216,"comment_status":"open","ping_status":"open","sticky":false,"template":"","format":"standard","meta":{"om_disable_all_campaigns":false,"_monsterinsights_skip_tracking":false,"footnotes":""},"categories":[226],"tags":[],"class_list":["post-92215","post","type-post","status-publish","format-standard","has-post-thumbnail","hentry","category-policia"],"amp_enabled":true,"_links":{"self":[{"href":"https:\/\/lahora.mx\/index.php\/wp-json\/wp\/v2\/posts\/92215","targetHints":{"allow":["GET"]}}],"collection":[{"href":"https:\/\/lahora.mx\/index.php\/wp-json\/wp\/v2\/posts"}],"about":[{"href":"https:\/\/lahora.mx\/index.php\/wp-json\/wp\/v2\/types\/post"}],"author":[{"embeddable":true,"href":"https:\/\/lahora.mx\/index.php\/wp-json\/wp\/v2\/users\/1"}],"replies":[{"embeddable":true,"href":"https:\/\/lahora.mx\/index.php\/wp-json\/wp\/v2\/comments?post=92215"}],"version-history":[{"count":1,"href":"https:\/\/lahora.mx\/index.php\/wp-json\/wp\/v2\/posts\/92215\/revisions"}],"predecessor-version":[{"id":92217,"href":"https:\/\/lahora.mx\/index.php\/wp-json\/wp\/v2\/posts\/92215\/revisions\/92217"}],"wp:featuredmedia":[{"embeddable":true,"href":"https:\/\/lahora.mx\/index.php\/wp-json\/wp\/v2\/media\/92216"}],"wp:attachment":[{"href":"https:\/\/lahora.mx\/index.php\/wp-json\/wp\/v2\/media?parent=92215"}],"wp:term":[{"taxonomy":"category","embeddable":true,"href":"https:\/\/lahora.mx\/index.php\/wp-json\/wp\/v2\/categories?post=92215"},{"taxonomy":"post_tag","embeddable":true,"href":"https:\/\/lahora.mx\/index.php\/wp-json\/wp\/v2\/tags?post=92215"}],"curies":[{"name":"wp","href":"https:\/\/api.w.org\/{rel}","templated":true}]}}