{"id":92211,"date":"2026-09-03T19:35:04","date_gmt":"2026-09-04T01:35:04","guid":{"rendered":"https:\/\/lahora.mx\/?p=92211"},"modified":"2026-09-03T19:35:05","modified_gmt":"2026-09-04T01:35:05","slug":"buap-inaugura-la-avenida-de-campeones-en-honor-a-sus-medallistas","status":"publish","type":"post","link":"https:\/\/lahora.mx\/index.php\/2026\/09\/03\/buap-inaugura-la-avenida-de-campeones-en-honor-a-sus-medallistas\/","title":{"rendered":"BUAP Inaugura la \u00abAvenida de Campeones\u00bb en Honor a Sus Medallistas"},"content":{"rendered":"\n<p class=\"wp-block-paragraph\">En una emotiva ceremonia encabezada por la rectora Lilia Cedillo Ram\u00edrez, la Benem\u00e9rita Universidad Aut\u00f3noma de Puebla (BUAP) inaugur\u00f3 formalmente la \u00abAvenida de Campeones\u00bb. Este nuevo espacio dentro de las instalaciones universitarias busca rendir tributo a las y los deportistas que han puesto en alto el nombre de la instituci\u00f3n en competencias nacionales e internacionales.<\/p>\n\n\n\n<p class=\"wp-block-paragraph\">La Avenida de Campeones se concibi\u00f3 como un reconocimiento permanente al esfuerzo, la disciplina y el talento de los atletas universitarios. Durante la develaci\u00f3n de las placas conmemorativas, la rectora destac\u00f3 que el deporte es un pilar fundamental en la formaci\u00f3n integral de la comunidad estudiantil.<\/p>\n\n\n\n<p class=\"wp-block-paragraph\">Al evento asistieron destacados medallistas universitarios, entrenadores y directivos de la Direcci\u00f3n General de Deporte Universitario. Los galardonados compartieron el orgullo de ver inmortalizados sus logros dentro del campus, se\u00f1alando que representa una motivaci\u00f3n para continuar con sus carreras acad\u00e9micas y deportivas.<\/p>\n\n\n\n<p class=\"wp-block-paragraph\">Durante su intervenci\u00f3n, la rectora Lilia Cedillo enfatiz\u00f3 el compromiso de la m\u00e1xima casa de estudios de Puebla para continuar fortaleciendo la infraestructura deportiva y otorgar apoyos a los selectivos de las distintas disciplinas. Mencion\u00f3 que estas obras inspiran a las nuevas generaciones a sumarse a la pr\u00e1ctica del deporte.<\/p>\n\n\n\n<p class=\"wp-block-paragraph\">Con esta inauguraci\u00f3n, la BUAP no solo reconoce el trabajo de sus medallistas actuales, sino que reafirma su visi\u00f3n de consolidarse como un referente deportivo de alto rendimiento a nivel nacional, promoviendo h\u00e1bitos saludables entre su comunidad.<\/p>\n","protected":false},"excerpt":{"rendered":"<p>En una emotiva ceremonia encabezada por la rectora Lilia Cedillo Ram\u00edrez, la Benem\u00e9rita Universidad Aut\u00f3noma de Puebla (BUAP) inaugur\u00f3 formalmente la \u00abAvenida de Campeones\u00bb. Este nuevo espacio dentro de las instalaciones universitarias busca rendir tributo a las y los deportistas que han puesto en alto el nombre de la instituci\u00f3n en competencias nacionales e internacionales. [&hellip;]<\/p>\n","protected":false},"author":1,"featured_media":92212,"comment_status":"open","ping_status":"open","sticky":false,"template":"","format":"standard","meta":{"om_disable_all_campaigns":false,"_monsterinsights_skip_tracking":false,"footnotes":""},"categories":[175],"tags":[186,223],"class_list":["post-92211","post","type-post","status-publish","format-standard","has-post-thumbnail","hentry","category-local","tag-buap","tag-puebla"],"amp_enabled":true,"_links":{"self":[{"href":"https:\/\/lahora.mx\/index.php\/wp-json\/wp\/v2\/posts\/92211","targetHints":{"allow":["GET"]}}],"collection":[{"href":"https:\/\/lahora.mx\/index.php\/wp-json\/wp\/v2\/posts"}],"about":[{"href":"https:\/\/lahora.mx\/index.php\/wp-json\/wp\/v2\/types\/post"}],"author":[{"embeddable":true,"href":"https:\/\/lahora.mx\/index.php\/wp-json\/wp\/v2\/users\/1"}],"replies":[{"embeddable":true,"href":"https:\/\/lahora.mx\/index.php\/wp-json\/wp\/v2\/comments?post=92211"}],"version-history":[{"count":1,"href":"https:\/\/lahora.mx\/index.php\/wp-json\/wp\/v2\/posts\/92211\/revisions"}],"predecessor-version":[{"id":92213,"href":"https:\/\/lahora.mx\/index.php\/wp-json\/wp\/v2\/posts\/92211\/revisions\/92213"}],"wp:featuredmedia":[{"embeddable":true,"href":"https:\/\/lahora.mx\/index.php\/wp-json\/wp\/v2\/media\/92212"}],"wp:attachment":[{"href":"https:\/\/lahora.mx\/index.php\/wp-json\/wp\/v2\/media?parent=92211"}],"wp:term":[{"taxonomy":"category","embeddable":true,"href":"https:\/\/lahora.mx\/index.php\/wp-json\/wp\/v2\/categories?post=92211"},{"taxonomy":"post_tag","embeddable":true,"href":"https:\/\/lahora.mx\/index.php\/wp-json\/wp\/v2\/tags?post=92211"}],"curies":[{"name":"wp","href":"https:\/\/api.w.org\/{rel}","templated":true}]}}