{"id":92205,"date":"2026-09-03T19:15:13","date_gmt":"2026-09-04T01:15:13","guid":{"rendered":"https:\/\/lahora.mx\/?p=92205"},"modified":"2026-09-03T19:15:14","modified_gmt":"2026-09-04T01:15:14","slug":"violencia-en-la-capital-balacera-cercana-al-mercado-hidalgo-deja-un-saldo-de-dos-heridos","status":"publish","type":"post","link":"https:\/\/lahora.mx\/index.php\/2026\/09\/03\/violencia-en-la-capital-balacera-cercana-al-mercado-hidalgo-deja-un-saldo-de-dos-heridos\/","title":{"rendered":"Violencia en la Capital: Balacera Cercana al Mercado Hidalgo Deja un Saldo de Dos Heridos"},"content":{"rendered":"\n<p class=\"wp-block-paragraph\">Un intenso despliegue policial y de cuerpos de emergencia se registr\u00f3 la tarde de este jueves en las inmediaciones del Mercado Hidalgo, tras suscitarse una balacera que dej\u00f3 como saldo a dos personas con heridas de proyectil de arma de fuego. El suceso gener\u00f3 alarma entre comerciantes y peatones que circulaban por la zona.<\/p>\n\n\n\n<p class=\"wp-block-paragraph\">De acuerdo con los primeros reportes de los testigos, varias detonaciones de arma de fuego se escucharon en las inmediaciones de los accesos comerciales del mercado. En el lugar, dos masculinos cayeron lesionados tras ser alcanzados por los disparos, mientras los agresores huyeron de la escena con rumbo desconocido.<\/p>\n\n\n\n<p class=\"wp-block-paragraph\">T\u00e9cnicos en Urgencias M\u00e9dicas acudieron al sitio para brindar los primeros auxilios a las v\u00edctimas. Tras estabilizarlas en el lugar de los hechos, ambas personas fueron trasladadas a hospitales cercanos de la capital para recibir atenci\u00f3n m\u00e9dica especializada, inform\u00e1ndose que su estado de salud es reservado.<\/p>\n\n\n\n<p class=\"wp-block-paragraph\">Tras la alerta emitida al n\u00famero de emergencias 911, elementos de la Polic\u00eda Municipal, Estatal y de la Marina acordonaron el per\u00edmetro. El cierre parcial de vialidades provoc\u00f3 afectaciones al tr\u00e1nsito vehicular en el Bulevar Norte durante las labores de preservaci\u00f3n de indicios bal\u00edsticos.<\/p>\n\n\n\n<p class=\"wp-block-paragraph\">Agentes de la Fiscal\u00eda General del Estado (FGE) tomaron conocimiento de lo ocurrido e iniciaron la carpeta de investigaci\u00f3n correspondiente. Hasta el momento no se reportan personas detenidas, por lo que las autoridades analizan el material de las c\u00e1maras de videovigilancia para identificar a los responsables.<\/p>\n","protected":false},"excerpt":{"rendered":"<p>Un intenso despliegue policial y de cuerpos de emergencia se registr\u00f3 la tarde de este jueves en las inmediaciones del Mercado Hidalgo, tras suscitarse una balacera que dej\u00f3 como saldo a dos personas con heridas de proyectil de arma de fuego. El suceso gener\u00f3 alarma entre comerciantes y peatones que circulaban por la zona. De [&hellip;]<\/p>\n","protected":false},"author":1,"featured_media":92206,"comment_status":"open","ping_status":"open","sticky":false,"template":"","format":"standard","meta":{"om_disable_all_campaigns":false,"_monsterinsights_skip_tracking":false,"footnotes":""},"categories":[175],"tags":[195],"class_list":["post-92205","post","type-post","status-publish","format-standard","has-post-thumbnail","hentry","category-local","tag-principal"],"amp_enabled":true,"_links":{"self":[{"href":"https:\/\/lahora.mx\/index.php\/wp-json\/wp\/v2\/posts\/92205","targetHints":{"allow":["GET"]}}],"collection":[{"href":"https:\/\/lahora.mx\/index.php\/wp-json\/wp\/v2\/posts"}],"about":[{"href":"https:\/\/lahora.mx\/index.php\/wp-json\/wp\/v2\/types\/post"}],"author":[{"embeddable":true,"href":"https:\/\/lahora.mx\/index.php\/wp-json\/wp\/v2\/users\/1"}],"replies":[{"embeddable":true,"href":"https:\/\/lahora.mx\/index.php\/wp-json\/wp\/v2\/comments?post=92205"}],"version-history":[{"count":1,"href":"https:\/\/lahora.mx\/index.php\/wp-json\/wp\/v2\/posts\/92205\/revisions"}],"predecessor-version":[{"id":92207,"href":"https:\/\/lahora.mx\/index.php\/wp-json\/wp\/v2\/posts\/92205\/revisions\/92207"}],"wp:featuredmedia":[{"embeddable":true,"href":"https:\/\/lahora.mx\/index.php\/wp-json\/wp\/v2\/media\/92206"}],"wp:attachment":[{"href":"https:\/\/lahora.mx\/index.php\/wp-json\/wp\/v2\/media?parent=92205"}],"wp:term":[{"taxonomy":"category","embeddable":true,"href":"https:\/\/lahora.mx\/index.php\/wp-json\/wp\/v2\/categories?post=92205"},{"taxonomy":"post_tag","embeddable":true,"href":"https:\/\/lahora.mx\/index.php\/wp-json\/wp\/v2\/tags?post=92205"}],"curies":[{"name":"wp","href":"https:\/\/api.w.org\/{rel}","templated":true}]}}