{"id":92202,"date":"2026-09-03T19:11:17","date_gmt":"2026-09-04T01:11:17","guid":{"rendered":"https:\/\/lahora.mx\/?p=92202"},"modified":"2026-09-03T19:11:18","modified_gmt":"2026-09-04T01:11:18","slug":"blindan-fiestas-patrias-en-puebla-desplegaran-operativo-especial-con-mas-de-1300-policias","status":"publish","type":"post","link":"https:\/\/lahora.mx\/index.php\/2026\/09\/03\/blindan-fiestas-patrias-en-puebla-desplegaran-operativo-especial-con-mas-de-1300-policias\/","title":{"rendered":"Blindan Fiestas Patrias en Puebla: Desplegar\u00e1n Operativo Especial con M\u00e1s de 1,300 Polic\u00edas"},"content":{"rendered":"\n<p class=\"wp-block-paragraph\">Para garantizar la seguridad de miles de familias y visitantes que acudir\u00e1n a los festejos conmemorativos del Grito de Independencia, las autoridades de Puebla alistan un dispositivo integral de vigilancia que desplegar\u00e1 a m\u00e1s de 1,300 efectivos policiacos. El operativo abarcar\u00e1 los principales puntos de reuni\u00f3n de la capital y \u00e1reas conurbadas.<\/p>\n\n\n\n<p class=\"wp-block-paragraph\">La Secretar\u00eda de Seguridad P\u00fablica (SSP), en coordinaci\u00f3n con mandos municipales y corporaciones de protecci\u00f3n civil, implementar\u00e1 esquemas de patrullaje a pie, vigilancia en patrullas y monitoreo mediante c\u00e1maras del C5i. Las acciones se intensificar\u00e1n desde el mediod\u00eda del 15 de septiembre y se mantendr\u00e1n vigentes hasta el t\u00e9rmino del desfile del 16 de septiembre.<\/p>\n\n\n\n<p class=\"wp-block-paragraph\">Dentro de este esquema de prevenci\u00f3n, los elementos policiacos instalar\u00e1n cinturones de seguridad y filtros de revisi\u00f3n en los accesos al Z\u00f3calo de la ciudad y el Paseo Bravo. El objetivo principal es evitar el ingreso de objetos prohibidos, envases de vidrio, armas o pirotecnia que puedan poner en riesgo la integridad de los asistentes.<\/p>\n\n\n\n<p class=\"wp-block-paragraph\">Asimismo, las corporaciones mantendr\u00e1n una estrecha supervisi\u00f3n en el transporte p\u00fablico y en las principales carreteras de ingreso a la zona metropolitana. Se contar\u00e1 con el apoyo de unidades de emergencia, ambulancias y personal de rescate para atender cualquier contingencia que pudiera suscitarse durante el desarrollo de las verbena populares.<\/p>\n\n\n\n<p class=\"wp-block-paragraph\">Autoridades locales hicieron un llamado a la ciudadan\u00eda a atender las recomendaciones de los cuerpos de seguridad, respetar los cortes a la circulaci\u00f3n vial y reportar cualquier situaci\u00f3n sospechosa. Con estas medidas, se busca que la celebraci\u00f3n patrio transcurra en un ambiente familiar, de orden y paz social.<\/p>\n","protected":false},"excerpt":{"rendered":"<p>Para garantizar la seguridad de miles de familias y visitantes que acudir\u00e1n a los festejos conmemorativos del Grito de Independencia, las autoridades de Puebla alistan un dispositivo integral de vigilancia que desplegar\u00e1 a m\u00e1s de 1,300 efectivos policiacos. El operativo abarcar\u00e1 los principales puntos de reuni\u00f3n de la capital y \u00e1reas conurbadas. La Secretar\u00eda de [&hellip;]<\/p>\n","protected":false},"author":1,"featured_media":92203,"comment_status":"open","ping_status":"open","sticky":false,"template":"","format":"standard","meta":{"om_disable_all_campaigns":false,"_monsterinsights_skip_tracking":false,"footnotes":""},"categories":[175],"tags":[195,223],"class_list":["post-92202","post","type-post","status-publish","format-standard","has-post-thumbnail","hentry","category-local","tag-principal","tag-puebla"],"amp_enabled":true,"_links":{"self":[{"href":"https:\/\/lahora.mx\/index.php\/wp-json\/wp\/v2\/posts\/92202","targetHints":{"allow":["GET"]}}],"collection":[{"href":"https:\/\/lahora.mx\/index.php\/wp-json\/wp\/v2\/posts"}],"about":[{"href":"https:\/\/lahora.mx\/index.php\/wp-json\/wp\/v2\/types\/post"}],"author":[{"embeddable":true,"href":"https:\/\/lahora.mx\/index.php\/wp-json\/wp\/v2\/users\/1"}],"replies":[{"embeddable":true,"href":"https:\/\/lahora.mx\/index.php\/wp-json\/wp\/v2\/comments?post=92202"}],"version-history":[{"count":1,"href":"https:\/\/lahora.mx\/index.php\/wp-json\/wp\/v2\/posts\/92202\/revisions"}],"predecessor-version":[{"id":92204,"href":"https:\/\/lahora.mx\/index.php\/wp-json\/wp\/v2\/posts\/92202\/revisions\/92204"}],"wp:featuredmedia":[{"embeddable":true,"href":"https:\/\/lahora.mx\/index.php\/wp-json\/wp\/v2\/media\/92203"}],"wp:attachment":[{"href":"https:\/\/lahora.mx\/index.php\/wp-json\/wp\/v2\/media?parent=92202"}],"wp:term":[{"taxonomy":"category","embeddable":true,"href":"https:\/\/lahora.mx\/index.php\/wp-json\/wp\/v2\/categories?post=92202"},{"taxonomy":"post_tag","embeddable":true,"href":"https:\/\/lahora.mx\/index.php\/wp-json\/wp\/v2\/tags?post=92202"}],"curies":[{"name":"wp","href":"https:\/\/api.w.org\/{rel}","templated":true}]}}