{"id":92197,"date":"2026-09-03T15:04:47","date_gmt":"2026-09-03T21:04:47","guid":{"rendered":"https:\/\/lahora.mx\/?p=92197"},"modified":"2026-09-03T15:04:48","modified_gmt":"2026-09-03T21:04:48","slug":"volkswagen-plantea-recontratar-a-despedidos-pero-los-condiciona","status":"publish","type":"post","link":"https:\/\/lahora.mx\/index.php\/2026\/09\/03\/volkswagen-plantea-recontratar-a-despedidos-pero-los-condiciona\/","title":{"rendered":"\u200bVolkswagen plantea recontratar a despedidos pero los condiciona"},"content":{"rendered":"\n<p class=\"wp-block-paragraph\"><em>Puebla, Pue.<\/em> \u2014 La armadora alemana Volkswagen contempla la recontrataci\u00f3n de los 611 trabajadores del \u00e1rea t\u00e9cnica despedidos recientemente en su planta de Cuautlancingo. De acuerdo con informaci\u00f3n sindical, el personal podr\u00eda reincorporarse en un lapso de 8 a 10 meses para sumarse a la producci\u00f3n del modelo <strong>Golf<\/strong>.<\/p>\n\n\n\n<p class=\"wp-block-paragraph\">Gustavo Barradas Castillo, secretario divisional de la Divisi\u00f3n 7 del Sindicato Independiente de Trabajadores de la Industria Automotriz (SITIAVW), emiti\u00f3 un mensaje a los exempleados afectados por la eliminaci\u00f3n del tercer turno en la l\u00ednea Jetta-Tiguan.<\/p>\n\n\n\n<h4 class=\"wp-block-heading\"><strong>Condiciones para el reingreso<\/strong><\/h4>\n\n\n\n<p class=\"wp-block-paragraph\">En el comunicado, el l\u00edder sindical detall\u00f3 que la empresa mantendr\u00e1 la puerta abierta a la recontrataci\u00f3n \u2014respetando el grupo salarial y la antig\u00fcedad acumulada\u2014 <strong>\u00fanicamente para quienes firmen su baja voluntaria<\/strong>.<\/p>\n\n\n\n<blockquote class=\"wp-block-quote is-layout-flow wp-block-quote-is-layout-flow\">\n<p class=\"wp-block-paragraph\"><em>\u00abAproximadamente a medio a\u00f1o del 2027 ser\u00e1n recontratados para el proyecto GOLF \u2014dentro de ocho a 10 meses\u2014, muy probablemente en menos tiempo de lo que tardar\u00eda una demanda laboral\u00bb<\/em>, precis\u00f3 Barradas Castillo.<\/p>\n<\/blockquote>\n\n\n\n<p class=\"wp-block-paragraph\">El representante advirti\u00f3 que aquellos obreros que rechacen el acuerdo y lleven su caso al Centro Federal de Conciliaci\u00f3n y Registro Laboral (CFCRL) enfrentar\u00e1n procesos de hasta un a\u00f1o. Adem\u00e1s, advirti\u00f3 que la compa\u00f1\u00eda descartar\u00eda su reincorporaci\u00f3n debido a los gastos legales que implicar\u00eda el litigio.<\/p>\n\n\n\n<h4 class=\"wp-block-heading\"><strong>Apoyos y tr\u00e1mites pendientes<\/strong><\/h4>\n\n\n\n<p class=\"wp-block-paragraph\">Para amortiguar el impacto econ\u00f3mico del recorte, el sindicato inform\u00f3 sobre las siguientes gestiones en marcha:<\/p>\n\n\n\n<ul class=\"wp-block-list\">\n<li><strong>Devoluci\u00f3n de ISR:<\/strong> Se tramita un esquema de apoyo ante la Procuradur\u00eda de la Defensa del Contribuyente (Prodecon) para la devoluci\u00f3n del Impuesto Sobre la Renta.<\/li>\n\n\n\n<li><strong>Retroactivos:<\/strong> Tras concluir la revisi\u00f3n contractual en curso, los extrabajadores recibir\u00e1n un segundo pago correspondiente a las diferencias salariales o bonos pactados.<\/li>\n\n\n\n<li><strong>Devoluci\u00f3n de veh\u00edculos:<\/strong> Quienes cuenten con unidades bajo el programa de renta podr\u00e1n programar su entrega en el centro t\u00e9cnico de la planta durante d\u00edas h\u00e1biles.<\/li>\n<\/ul>\n\n\n\n<h4 class=\"wp-block-heading\"><strong>Contexto del conflicto<\/strong><\/h4>\n\n\n\n<p class=\"wp-block-paragraph\">La ola de despidos en la planta de Puebla responde a una reestructuraci\u00f3n global de la firma germana. Esta medida fue impulsada por la contracci\u00f3n de la demanda en el mercado norteamericano y el impacto de los aranceles impuestos a la importaci\u00f3n de veh\u00edculos en Estados Unidos.<\/p>\n","protected":false},"excerpt":{"rendered":"<p>Puebla, Pue. \u2014 La armadora alemana Volkswagen contempla la recontrataci\u00f3n de los 611 trabajadores del \u00e1rea t\u00e9cnica despedidos recientemente en su planta de Cuautlancingo. De acuerdo con informaci\u00f3n sindical, el personal podr\u00eda reincorporarse en un lapso de 8 a 10 meses para sumarse a la producci\u00f3n del modelo Golf. Gustavo Barradas Castillo, secretario divisional de [&hellip;]<\/p>\n","protected":false},"author":1,"featured_media":92198,"comment_status":"open","ping_status":"open","sticky":false,"template":"","format":"standard","meta":{"om_disable_all_campaigns":false,"_monsterinsights_skip_tracking":false,"footnotes":""},"categories":[175,2],"tags":[29,195,223],"class_list":["post-92197","post","type-post","status-publish","format-standard","has-post-thumbnail","hentry","category-local","category-negocios","tag-business","tag-principal","tag-puebla"],"amp_enabled":true,"_links":{"self":[{"href":"https:\/\/lahora.mx\/index.php\/wp-json\/wp\/v2\/posts\/92197","targetHints":{"allow":["GET"]}}],"collection":[{"href":"https:\/\/lahora.mx\/index.php\/wp-json\/wp\/v2\/posts"}],"about":[{"href":"https:\/\/lahora.mx\/index.php\/wp-json\/wp\/v2\/types\/post"}],"author":[{"embeddable":true,"href":"https:\/\/lahora.mx\/index.php\/wp-json\/wp\/v2\/users\/1"}],"replies":[{"embeddable":true,"href":"https:\/\/lahora.mx\/index.php\/wp-json\/wp\/v2\/comments?post=92197"}],"version-history":[{"count":1,"href":"https:\/\/lahora.mx\/index.php\/wp-json\/wp\/v2\/posts\/92197\/revisions"}],"predecessor-version":[{"id":92199,"href":"https:\/\/lahora.mx\/index.php\/wp-json\/wp\/v2\/posts\/92197\/revisions\/92199"}],"wp:featuredmedia":[{"embeddable":true,"href":"https:\/\/lahora.mx\/index.php\/wp-json\/wp\/v2\/media\/92198"}],"wp:attachment":[{"href":"https:\/\/lahora.mx\/index.php\/wp-json\/wp\/v2\/media?parent=92197"}],"wp:term":[{"taxonomy":"category","embeddable":true,"href":"https:\/\/lahora.mx\/index.php\/wp-json\/wp\/v2\/categories?post=92197"},{"taxonomy":"post_tag","embeddable":true,"href":"https:\/\/lahora.mx\/index.php\/wp-json\/wp\/v2\/tags?post=92197"}],"curies":[{"name":"wp","href":"https:\/\/api.w.org\/{rel}","templated":true}]}}