{"id":92194,"date":"2026-09-03T14:48:39","date_gmt":"2026-09-03T20:48:39","guid":{"rendered":"https:\/\/lahora.mx\/?p=92194"},"modified":"2026-09-03T14:48:40","modified_gmt":"2026-09-03T20:48:40","slug":"detienen-en-lomas-de-angelopolis-a-el-amarillo-presunto-lider-delictivo-de-los-rusos","status":"publish","type":"post","link":"https:\/\/lahora.mx\/index.php\/2026\/09\/03\/detienen-en-lomas-de-angelopolis-a-el-amarillo-presunto-lider-delictivo-de-los-rusos\/","title":{"rendered":"Detienen en Lomas de Angel\u00f3polis a \u201cEl Amarillo\u201d, presunto l\u00edder delictivo de \u201cLos Rusos\u201d"},"content":{"rendered":"\n<p class=\"wp-block-paragraph\">PUEBLA, Pue. \u2014 Durante un operativo federal realizado la madrugada de este 3 de septiembre en la zona de Sonata, en Lomas de Angel\u00f3polis, elementos de seguridad capturaron a Gov\u00e9n Ulisses N., alias \u201cEl Amarillo\u201d o \u201cEl Gob\u00e9n\u201d, identificado como presunto l\u00edder de una c\u00e9lula criminal vinculada al grupo \u201cLos Rusos\u201d. <\/p>\n\n\n\n<p class=\"wp-block-paragraph\">En la misma acci\u00f3n, las autoridades aprehendieron a dos hombres que se desempe\u00f1aban como sus escoltas.El operativo estuvo a cargo de la Agencia de Investigaci\u00f3n Criminal (AIC) y la Fiscal\u00eda Especializada en Materia de Delincuencia Organizada (FEMDO) de la FGR, con el apoyo de la Secretar\u00eda de Marina (SEMAR), la Secretar\u00eda de Seguridad y Protecci\u00f3n Ciudadana (SSPC), el Centro Nacional de Inteligencia (CNI), as\u00ed como corporaciones estatales de Puebla y Guerrero.<\/p>\n\n\n\n<p class=\"wp-block-paragraph\">De acuerdo con las investigaciones encabezadas por el titular de la SSPC, Omar Garc\u00eda Harfuch, \u201cEl Amarillo\u201d es considerado un objetivo prioritario y uno de los principales generadores de violencia en Acapulco, Guerrero. Se le atribuyen delitos como extorsi\u00f3n, secuestro, homicidio, privaci\u00f3n ilegal de la libertad, as\u00ed como tr\u00e1fico y distribuci\u00f3n de drogas.<\/p>\n\n\n\n<p class=\"wp-block-paragraph\">Durante la intervenci\u00f3n en el inmueble, los agentes aseguraron: * Armas de fuego * Dosis de droga * Veh\u00edculos de lujo.<\/p>\n\n\n\n<p class=\"wp-block-paragraph\">Tras la detenci\u00f3n, las fuerzas federales extendieron las labores de investigaci\u00f3n con una serie de cateos en inmuebles y comercios de la zona metropolitana de Puebla. <\/p>\n\n\n\n<p class=\"wp-block-paragraph\">Mientras tanto, en Lomas de Angel\u00f3polis se mantuvo un despliegue de seguridad para resguardar la zona.<\/p>\n\n\n\n<p class=\"wp-block-paragraph\">\u00bfQui\u00e9nes son \u201cLos Rusos\u201d?<\/p>\n\n\n\n<p class=\"wp-block-paragraph\">Seg\u00fan reportes oficiales, \u201cLos Rusos\u201d operan principalmente en el puerto de Acapulco como una facci\u00f3n del C\u00e1rtel de Sinaloa, alineada a la l\u00ednea de Ismael \u201cEl Mayo\u201d Zambada, la cual mantiene una disputa territorial contra la facci\u00f3n de \u201cLos Chapitos\u201d. <\/p>\n\n\n\n<p class=\"wp-block-paragraph\">La organizaci\u00f3n est\u00e1 relacionada con el cobro de piso, extorsiones, homicidios, contrabando de armas y narcomenudeo.<\/p>\n\n\n\n<p class=\"wp-block-paragraph\">La captura de \u00abEl Amarillo\u00bb se suma a la detenci\u00f3n realizada el pasado 17 de junio en Acapulco, donde la FGR aprehendi\u00f3 a 11 presuntos integrantes de este mismo grupo criminal en posesi\u00f3n de armas y narc\u00f3ticos.<\/p>\n\n\n\n<p class=\"wp-block-paragraph\"><\/p>\n","protected":false},"excerpt":{"rendered":"<p>PUEBLA, Pue. \u2014 Durante un operativo federal realizado la madrugada de este 3 de septiembre en la zona de Sonata, en Lomas de Angel\u00f3polis, elementos de seguridad capturaron a Gov\u00e9n Ulisses N., alias \u201cEl Amarillo\u201d o \u201cEl Gob\u00e9n\u201d, identificado como presunto l\u00edder de una c\u00e9lula criminal vinculada al grupo \u201cLos Rusos\u201d. En la misma acci\u00f3n, [&hellip;]<\/p>\n","protected":false},"author":1,"featured_media":92195,"comment_status":"open","ping_status":"open","sticky":false,"template":"","format":"standard","meta":{"om_disable_all_campaigns":false,"_monsterinsights_skip_tracking":false,"footnotes":""},"categories":[175],"tags":[195,223],"class_list":["post-92194","post","type-post","status-publish","format-standard","has-post-thumbnail","hentry","category-local","tag-principal","tag-puebla"],"amp_enabled":true,"_links":{"self":[{"href":"https:\/\/lahora.mx\/index.php\/wp-json\/wp\/v2\/posts\/92194","targetHints":{"allow":["GET"]}}],"collection":[{"href":"https:\/\/lahora.mx\/index.php\/wp-json\/wp\/v2\/posts"}],"about":[{"href":"https:\/\/lahora.mx\/index.php\/wp-json\/wp\/v2\/types\/post"}],"author":[{"embeddable":true,"href":"https:\/\/lahora.mx\/index.php\/wp-json\/wp\/v2\/users\/1"}],"replies":[{"embeddable":true,"href":"https:\/\/lahora.mx\/index.php\/wp-json\/wp\/v2\/comments?post=92194"}],"version-history":[{"count":1,"href":"https:\/\/lahora.mx\/index.php\/wp-json\/wp\/v2\/posts\/92194\/revisions"}],"predecessor-version":[{"id":92196,"href":"https:\/\/lahora.mx\/index.php\/wp-json\/wp\/v2\/posts\/92194\/revisions\/92196"}],"wp:featuredmedia":[{"embeddable":true,"href":"https:\/\/lahora.mx\/index.php\/wp-json\/wp\/v2\/media\/92195"}],"wp:attachment":[{"href":"https:\/\/lahora.mx\/index.php\/wp-json\/wp\/v2\/media?parent=92194"}],"wp:term":[{"taxonomy":"category","embeddable":true,"href":"https:\/\/lahora.mx\/index.php\/wp-json\/wp\/v2\/categories?post=92194"},{"taxonomy":"post_tag","embeddable":true,"href":"https:\/\/lahora.mx\/index.php\/wp-json\/wp\/v2\/tags?post=92194"}],"curies":[{"name":"wp","href":"https:\/\/api.w.org\/{rel}","templated":true}]}}