{"id":92192,"date":"2026-09-03T19:09:39","date_gmt":"2026-09-04T01:09:39","guid":{"rendered":"https:\/\/lahora.mx\/?p=92192"},"modified":"2026-09-03T19:09:40","modified_gmt":"2026-09-04T01:09:40","slug":"sitiavw-evita-oficializar-cifra-de-bajas-tras-ajustes-laborales","status":"publish","type":"post","link":"https:\/\/lahora.mx\/index.php\/2026\/09\/03\/sitiavw-evita-oficializar-cifra-de-bajas-tras-ajustes-laborales\/","title":{"rendered":"SITIAVW Evita Oficializar Cifra de Bajas Tras Ajustes Laborales"},"content":{"rendered":"\n<p class=\"wp-block-paragraph\">El Sindicato Independiente de Trabajadores de la Industria Automotriz Volkswagen (SITIAVW) mantiene hermetismo y no ha informado de forma oficial el n\u00famero exacto de trabajadores sindicalizados que ser\u00e1n dados de baja de la planta instalada en Cuautlancingo, Puebla. La falta de un reporte detallado ha incrementado la tensi\u00f3n en los pasillos de la armadora alemana entre los operarios.<\/p>\n\n\n\n<p class=\"wp-block-paragraph\">Fuentes internas de la empresa y testimonios de los propios empleados indican que las bajas responden a decisiones unilaterales de la direcci\u00f3n de la compa\u00f1\u00eda ante la reestructuraci\u00f3n de sus l\u00edneas de producci\u00f3n. Aunque la representaci\u00f3n sindical se ha mostrado en contra de estos recortes de personal, no ha hecho p\u00fablica la n\u00f3mina exacta de agremiados afectados.<\/p>\n\n\n\n<p class=\"wp-block-paragraph\">Analistas del sector automotriz precisan que este tipo de ajustes suelen obedecer al cierre de ciclos en la fabricaci\u00f3n de ciertos modelos de veh\u00edculos y a la transici\u00f3n hacia la electromovilidad. Sin embargo, para la fuerza laboral de Volkswagen en Puebla, la falta de claridad en las cifras oficiales genera incertidumbre respecto a la estabilidad laboral de cientos de familias.<\/p>\n\n\n\n<p class=\"wp-block-paragraph\">Por su parte, la dirigencia del SITIAVW ha argumentado que se encuentra en la revisi\u00f3n de cada uno de los casos para verificar que los despidos se apeguen estrictamente a lo establecido en la Ley Federal del Trabajo y en el Contrato Colectivo. El gremio sostiene que continuar\u00e1 buscando alternativas para aminorar el impacto del recorte en la econom\u00eda regional.<\/p>\n\n\n\n<p class=\"wp-block-paragraph\">A pesar de las posturas emitidas mediante comunicados, entre los obreros prevalece la exigencia de un informe directo e individualizado. La plantilla laboral espera que en los pr\u00f3ximos d\u00edas la representaci\u00f3n sindical convoque a asambleas informativas para transparentar los alcances del ajuste operativo.<\/p>\n","protected":false},"excerpt":{"rendered":"<p>El Sindicato Independiente de Trabajadores de la Industria Automotriz Volkswagen (SITIAVW) mantiene hermetismo y no ha informado de forma oficial el n\u00famero exacto de trabajadores sindicalizados que ser\u00e1n dados de baja de la planta instalada en Cuautlancingo, Puebla. La falta de un reporte detallado ha incrementado la tensi\u00f3n en los pasillos de la armadora alemana [&hellip;]<\/p>\n","protected":false},"author":1,"featured_media":92200,"comment_status":"open","ping_status":"open","sticky":false,"template":"","format":"standard","meta":{"om_disable_all_campaigns":false,"_monsterinsights_skip_tracking":false,"footnotes":""},"categories":[2],"tags":[195,223],"class_list":["post-92192","post","type-post","status-publish","format-standard","has-post-thumbnail","hentry","category-negocios","tag-principal","tag-puebla"],"amp_enabled":true,"_links":{"self":[{"href":"https:\/\/lahora.mx\/index.php\/wp-json\/wp\/v2\/posts\/92192","targetHints":{"allow":["GET"]}}],"collection":[{"href":"https:\/\/lahora.mx\/index.php\/wp-json\/wp\/v2\/posts"}],"about":[{"href":"https:\/\/lahora.mx\/index.php\/wp-json\/wp\/v2\/types\/post"}],"author":[{"embeddable":true,"href":"https:\/\/lahora.mx\/index.php\/wp-json\/wp\/v2\/users\/1"}],"replies":[{"embeddable":true,"href":"https:\/\/lahora.mx\/index.php\/wp-json\/wp\/v2\/comments?post=92192"}],"version-history":[{"count":1,"href":"https:\/\/lahora.mx\/index.php\/wp-json\/wp\/v2\/posts\/92192\/revisions"}],"predecessor-version":[{"id":92201,"href":"https:\/\/lahora.mx\/index.php\/wp-json\/wp\/v2\/posts\/92192\/revisions\/92201"}],"wp:featuredmedia":[{"embeddable":true,"href":"https:\/\/lahora.mx\/index.php\/wp-json\/wp\/v2\/media\/92200"}],"wp:attachment":[{"href":"https:\/\/lahora.mx\/index.php\/wp-json\/wp\/v2\/media?parent=92192"}],"wp:term":[{"taxonomy":"category","embeddable":true,"href":"https:\/\/lahora.mx\/index.php\/wp-json\/wp\/v2\/categories?post=92192"},{"taxonomy":"post_tag","embeddable":true,"href":"https:\/\/lahora.mx\/index.php\/wp-json\/wp\/v2\/tags?post=92192"}],"curies":[{"name":"wp","href":"https:\/\/api.w.org\/{rel}","templated":true}]}}