{"id":92187,"date":"2026-09-03T02:55:36","date_gmt":"2026-09-03T08:55:36","guid":{"rendered":"https:\/\/lahora.mx\/?p=92187"},"modified":"2026-09-03T02:55:37","modified_gmt":"2026-09-03T08:55:37","slug":"luce-una-nueva-y-colorida-imagen-el-cruce-de-la-14-sur-y-valsequillo","status":"publish","type":"post","link":"https:\/\/lahora.mx\/index.php\/2026\/09\/03\/luce-una-nueva-y-colorida-imagen-el-cruce-de-la-14-sur-y-valsequillo\/","title":{"rendered":"Luce una nueva y colorida imagen el cruce de la 14 Sur y Valsequillo"},"content":{"rendered":"\n<p class=\"wp-block-paragraph\">A dos a\u00f1os de que los murales situados en la intersecci\u00f3n de la calle 14 Sur y el bulevar Carlos Camacho Esp\u00edritu mostraran un evidente deterioro, acumulaci\u00f3n de grafiti y falta de mantenimiento, los peatones y automovilistas ahora disfrutan de un entorno totalmente renovado. La transformaci\u00f3n comprende seis murales realizados por el artista Teddy Kelly, en colaboraci\u00f3n con 20 estudiantes de la Facultad de Artes Pl\u00e1sticas de la Benem\u00e9rita Universidad Aut\u00f3noma de Puebla (BUAP). La obra, elaborada bajo una corriente Bauhaus y una paleta en tonos pastel, le devolvi\u00f3 la vida a uno de los cruces m\u00e1s transitados de la capital.<\/p>\n\n\n\n<figure class=\"wp-block-image size-large\"><img fetchpriority=\"high\" decoding=\"async\" width=\"1024\" height=\"575\" src=\"https:\/\/lahora.mx\/wp-content\/uploads\/2026\/09\/Cruce-14-sur-Valsequillo-1024x575.webp\" alt=\"\" class=\"wp-image-92188\" srcset=\"https:\/\/lahora.mx\/wp-content\/uploads\/2026\/09\/Cruce-14-sur-Valsequillo-1024x575.webp 1024w, https:\/\/lahora.mx\/wp-content\/uploads\/2026\/09\/Cruce-14-sur-Valsequillo-300x169.webp 300w, https:\/\/lahora.mx\/wp-content\/uploads\/2026\/09\/Cruce-14-sur-Valsequillo-768x431.webp 768w, https:\/\/lahora.mx\/wp-content\/uploads\/2026\/09\/Cruce-14-sur-Valsequillo.webp 1200w\" sizes=\"(max-width: 1024px) 100vw, 1024px\" \/><\/figure>\n\n\n\n<p class=\"wp-block-paragraph\">La intervenci\u00f3n art\u00edstica, desarrollada a lo largo de dos semanas, form\u00f3 parte del programa municipal <em>Puebla: lienzo, cultura y creativo<\/em>, una iniciativa coordinada por la Secretar\u00eda de Movilidad e Infraestructura del Ayuntamiento de Puebla. M\u00e1s all\u00e1 de su valor est\u00e9tico, el proyecto busca reforzar la seguridad e incidir en la disminuci\u00f3n de los siniestros viales. Seg\u00fan cifras oficiales de la dependencia, desde 2015 y hasta el 31 de agosto de 2026, en este crucero se contabilizaron 53 accidentes y dos v\u00edctimas mortales. Para atender esta problem\u00e1tica de forma integral, la zona se complement\u00f3 con la colocaci\u00f3n de 14 sem\u00e1foros peatonales, se\u00f1alizaci\u00f3n de cebras y el montaje de 44 nuevos bolardos.<\/p>\n\n\n\n<p class=\"wp-block-paragraph\">Las obras pict\u00f3ricas, plasmadas sobre un fondo morado, sustituyeron a los antiguos dibujos y paisajes desgastados que a\u00fan pod\u00edan apreciarse en los registros hist\u00f3ricos de Google Maps. Hoy en d\u00eda, la propuesta de Teddy Kelly \u2014caracterizada por el uso riguroso de figuras geom\u00e9tricas y una estructuraci\u00f3n arm\u00f3nica del espacio\u2014 viste cada uno de los pilares que sostienen el viaducto elevado.<\/p>\n\n\n\n<p class=\"wp-block-paragraph\"><strong>Recorrido por las seis piezas que adornan este cruce<\/strong><\/p>\n\n\n\n<p class=\"wp-block-paragraph\">El primer mural, ubicado en el tramo contiguo al Instituto de Fisiolog\u00eda de la BUAP, despliega un din\u00e1mico juego de formas superpuestas. Cuadrados, rect\u00e1ngulos y tri\u00e1ngulos se entrelazan con c\u00edrculos s\u00f3lidos de azul intenso, acompa\u00f1ados por l\u00edneas diagonales y bloques con entramados de celos\u00eda que producen un efecto visual de vibraci\u00f3n \u00f3ptica a lo largo del muro. Su combinaci\u00f3n crom\u00e1tica integra rosa chicle, verde menta suave, rojo carmes\u00ed, azul cielo y lavanda, logrando captar de inmediato la atenci\u00f3n de quienes transitan por el \u00e1rea.<\/p>\n\n\n\n<figure class=\"wp-block-embed is-type-rich is-provider-x wp-block-embed-x\"><div class=\"wp-block-embed__wrapper\">\n<blockquote class=\"twitter-tweet\" data-width=\"550\" data-dnt=\"true\"><p lang=\"es\" dir=\"ltr\">El secretario general del Ayuntamiento de Puebla, Francisco Rodr\u00edguez, y el muralista Teddy Kelly, encabezan la inauguraci\u00f3n de la rehabilitaci\u00f3n del puente de Bulevar Carlos Camacho Esp\u00edritu y la 14 Sur. <br><br>Un espacio que busca la democratizaci\u00f3n del arte y prioriza el caminar de\u2026 <a href=\"https:\/\/t.co\/Gz5QLfvQUc\">pic.twitter.com\/Gz5QLfvQUc<\/a><\/p>&mdash; La Hora (@LaHoraMX) <a href=\"https:\/\/x.com\/LaHoraMX\/status\/2095221140054568972?ref_src=twsrc%5Etfw\">September 2, 2026<\/a><\/blockquote><script async src=\"https:\/\/platform.x.com\/widgets.js\" charset=\"utf-8\"><\/script>\n<\/div><\/figure>\n\n\n\n<p class=\"wp-block-paragraph\">En el segundo pilar sobresale una figura circular estilizada que evoca una suerte de m\u00e1scara o efigie contempor\u00e1nea, ubicada estrat\u00e9gicamente en el centro de la estructura. La parte superior est\u00e1 dominada por una forma en &#8216;T&#8217; invertida de tono rojo carmes\u00ed que se curva hacia abajo para delimitar los extremos del pilar, recordando la silueta de unos cuernos o un tocado ceremonial. Justo por debajo, un c\u00edrculo azul oscuro encuadra el n\u00facleo del dise\u00f1o: una silueta en verde lima con dos amplios ojos circulares en verde azulado, sugiriendo un rostro expresivo que observa de frente.<\/p>\n\n\n\n<p class=\"wp-block-paragraph\">La tercera obra constituye una vibrante composici\u00f3n de trazos geom\u00e9tricos que cubren la columna mediante un equilibrio de planos de color y siluetas abstractas. En la esquina superior izquierda destaca la mitad de un rostro en tono rosa, definido por grandes ojos verdes y un contorno en azul oscuro a modo de tocado. El resto del muro est\u00e1 distribuido en bloques crom\u00e1ticos que dialogan entre s\u00ed, preservando el lenguaje abstracto que articula todo el conjunto.<\/p>\n\n\n\n<p class=\"wp-block-paragraph\">Por su parte, el cuarto mural retoma la estructura compositiva de la pieza anterior, pero introduce una variaci\u00f3n integral en su paleta crom\u00e1tica. El c\u00edrculo que conforma el rostro adopta aqu\u00ed un tono rosa pastel, enmarcado por una corona superior y acentos internos en color vinotinto. Los grandes ojos oscuros conservan su punto de luz central, mientras que el semic\u00edrculo superior se divide en franjas que alternan morado y rosa.<\/p>\n\n\n\n<p class=\"wp-block-paragraph\">En los costados superiores, los c\u00edrculos laterales lucen un tono verde menta claro, en tanto que las franjas angulares en zigzag combinan verde menta con un morado viol\u00e1ceo. El centro de la columna est\u00e1 atravesado por una franja horizontal en azul \u00edndigo profundo, mientras que la secci\u00f3n inferior despliega un patr\u00f3n escalonado con bloques intercalados de morado oscuro y verde menta.<\/p>\n\n\n\n<p class=\"wp-block-paragraph\">Respecto al quinto mural, la composici\u00f3n presenta un rostro de base rosa claro coronado por una silueta en morado oscuro que sugiere la l\u00ednea del cabello. Al centro de la frente resalta un tercer ojo de corte almendrado en color verde menta, acompa\u00f1ado por dos ojos cerrados trazados con l\u00edneas curvas sobre fondos anaranjados. La parte inferior remata con una peque\u00f1a boca en tono morado oscuro.<\/p>\n\n\n\n<p class=\"wp-block-paragraph\">Finalmente, la superficie del sexto mural exhibe un patr\u00f3n r\u00edtmico compuesto por bloques geom\u00e9tricos, rombos con efecto tridimensional y l\u00edneas diagonales. Su paleta crom\u00e1tica fusiona verde menta, rosa claro, fucsia, azul y morado, elementos que se intercalan e integran armoniosamente con textura de franjas verticales paralelas.<\/p>\n\n\n\n<p class=\"wp-block-paragraph\">La propuesta conceptual del autor ha sido descrita por \u00e9l mismo como <em>Bauhaus mexicano<\/em>, un concepto que sintetiza la funcionalidad y abstracci\u00f3n de la escuela alemana de dise\u00f1o con la calidez y vivacidad de la tradici\u00f3n crom\u00e1tica nacional. De acuerdo con la revista <em>Global<\/em> de la Universidad Nacional Aut\u00f3noma de M\u00e9xico (UNAM), la Bauhaus corresponde a un movimiento clave de la arquitectura y el dise\u00f1o moderno del siglo XX, fundado en Alemania en 1919 por el arquitecto Walter Gropius.<\/p>\n\n\n\n<p class=\"wp-block-paragraph\">Durante el recorrido por el crucero, los transe\u00fantes compartieron sus impresiones sobre la intervenci\u00f3n. Brenda Aguilar, habitante del sector, se detuvo junto a su familia para tomarse una fotograf\u00eda frente a una de las estructuras: \u201cVivo aqu\u00ed en la 14 Sur y me parece muy bonito. Ya cambia la vista y da m\u00e1s seguridad pasar por aqu\u00ed\u201d, expres\u00f3. En el mismo sentido, Alejandro, estudiante de Ciencias Computacionales, resalt\u00f3 la elecci\u00f3n crom\u00e1tica: \u201cEl uso del color morado hace mucho m\u00e1s ameno el paso por la zona\u201d.<\/p>\n\n\n\n<p class=\"wp-block-paragraph\"><\/p>\n","protected":false},"excerpt":{"rendered":"<p>A dos a\u00f1os de que los murales situados en la intersecci\u00f3n de la calle 14 Sur y el bulevar Carlos Camacho Esp\u00edritu mostraran un evidente deterioro, acumulaci\u00f3n de grafiti y falta de mantenimiento, los peatones y automovilistas ahora disfrutan de un entorno totalmente renovado. La transformaci\u00f3n comprende seis murales realizados por el artista Teddy Kelly, [&hellip;]<\/p>\n","protected":false},"author":1,"featured_media":92189,"comment_status":"open","ping_status":"open","sticky":false,"template":"","format":"standard","meta":{"om_disable_all_campaigns":false,"_monsterinsights_skip_tracking":false,"footnotes":""},"categories":[175],"tags":[239,223],"class_list":["post-92187","post","type-post","status-publish","format-standard","has-post-thumbnail","hentry","category-local","tag-gobierno","tag-puebla"],"amp_enabled":true,"_links":{"self":[{"href":"https:\/\/lahora.mx\/index.php\/wp-json\/wp\/v2\/posts\/92187","targetHints":{"allow":["GET"]}}],"collection":[{"href":"https:\/\/lahora.mx\/index.php\/wp-json\/wp\/v2\/posts"}],"about":[{"href":"https:\/\/lahora.mx\/index.php\/wp-json\/wp\/v2\/types\/post"}],"author":[{"embeddable":true,"href":"https:\/\/lahora.mx\/index.php\/wp-json\/wp\/v2\/users\/1"}],"replies":[{"embeddable":true,"href":"https:\/\/lahora.mx\/index.php\/wp-json\/wp\/v2\/comments?post=92187"}],"version-history":[{"count":1,"href":"https:\/\/lahora.mx\/index.php\/wp-json\/wp\/v2\/posts\/92187\/revisions"}],"predecessor-version":[{"id":92190,"href":"https:\/\/lahora.mx\/index.php\/wp-json\/wp\/v2\/posts\/92187\/revisions\/92190"}],"wp:featuredmedia":[{"embeddable":true,"href":"https:\/\/lahora.mx\/index.php\/wp-json\/wp\/v2\/media\/92189"}],"wp:attachment":[{"href":"https:\/\/lahora.mx\/index.php\/wp-json\/wp\/v2\/media?parent=92187"}],"wp:term":[{"taxonomy":"category","embeddable":true,"href":"https:\/\/lahora.mx\/index.php\/wp-json\/wp\/v2\/categories?post=92187"},{"taxonomy":"post_tag","embeddable":true,"href":"https:\/\/lahora.mx\/index.php\/wp-json\/wp\/v2\/tags?post=92187"}],"curies":[{"name":"wp","href":"https:\/\/api.w.org\/{rel}","templated":true}]}}