{"id":92184,"date":"2026-09-02T23:14:53","date_gmt":"2026-09-03T05:14:53","guid":{"rendered":"https:\/\/lahora.mx\/?p=92184"},"modified":"2026-09-02T23:14:54","modified_gmt":"2026-09-03T05:14:54","slug":"si-en-el-pasado-hicieron-trampa-pero-pasaron-el-examen-de-control-merecian-entrar-rector-de-la-unam","status":"publish","type":"post","link":"https:\/\/lahora.mx\/index.php\/2026\/09\/02\/si-en-el-pasado-hicieron-trampa-pero-pasaron-el-examen-de-control-merecian-entrar-rector-de-la-unam\/","title":{"rendered":"\u201cSi en el pasado hicieron trampa, pero pasaron el examen de control, merec\u00edan entrar\u201d: rector de la UNAM"},"content":{"rendered":"\n<p class=\"wp-block-paragraph\"><em>Leonardo Lomel\u00ed Vanegas afirm\u00f3 que la evaluaci\u00f3n presencial brind\u00f3 a la m\u00e1xima casa de estudios \u00abplena certeza\u00bb sobre los conocimientos reales de los aspirantes que obtuvieron un lugar.<\/em><\/p>\n\n\n\n<p class=\"wp-block-paragraph\">El rector de la Universidad Nacional Aut\u00f3noma de M\u00e9xico (UNAM), Leonardo Lomel\u00ed Vanegas, reconoci\u00f3 que los resultados del examen de control aplicado a los aspirantes confirman la existencia de irregularidades en la prueba previa realizada en l\u00ednea. Sin embargo, sostuvo firmemente que aquellos alumnos que acreditaron la evaluaci\u00f3n presencial posterior demostraron contar con los m\u00e9ritos necesarios para ingresar a la instituci\u00f3n.<sup><\/sup><\/p>\n\n\n\n<p class=\"wp-block-paragraph\">\u201cS\u00ed creo que evidentemente el contraste es muy amplio. Entonces, s\u00ed, yo creo que se confirma que s\u00ed hubo una anomal\u00eda, que en gran medida se pudo corregir\u201d, se\u00f1al\u00f3 el rector al ser cuestionado sobre la<sup><\/sup>s marcadas diferencias entre las calificaciones del examen en l\u00ednea y las registradas en la evaluaci\u00f3n de control.<\/p>\n\n\n\n<p class=\"wp-block-paragraph\">Lom\u00e9ll\u00ed precis\u00f3 que el an\u00e1lisis de los resultados a\u00fan no ha concluido, ya que restan por realizar cruces de informaci\u00f3n detallados por carrera, considerando tanto a los aspirantes que se presentaron al examen presencial como a quienes optaron por no asistir.<\/p>\n\n\n\n<p class=\"wp-block-paragraph\">Ante los se\u00f1alamientos de especialistas sobre alumnos que habr\u00edan ingresado a la UNAM con puntajes inferiores a los registrados inicialmente \u2014lo que reabri\u00f3 el debate sobre si estudiantes que cometieron irregularidades terminaron asegurando una bancada\u2014, el rector fue contundente:<\/p>\n\n\n\n<p class=\"wp-block-paragraph\">\u201cYo dir\u00eda que si en el pasado hicieron trampa, pero que si hicieron su mejor esfuerzo en el examen de control, pues s\u00ed merec\u00edan entrar\u201d.<\/p>\n\n\n\n<p class=\"wp-block-paragraph\">Al reitera la interrogante sobre si se puede garantizar la ausencia total de aspirantes que hayan cometido fraude entre los finalmente admitidos, Lomel\u00ed enfatiz\u00f3 que el examen de control sirvi\u00f3 como un filtro definitivo para corroborar qui\u00e9nes pose\u00edan el conocimiento por cuenta propia.<\/p>\n\n\n\n<p class=\"wp-block-paragraph\">\u201cLo importante es que el examen de control permiti\u00f3 que tengamos la plena certeza de que est\u00e1n ingresando quienes tuvieron el n\u00famero de aciertos que de acuerdo con los resultados del examen era el que les permit\u00eda acceder a ese lu<sup><\/sup>gar\u201d, afirm\u00f3.<sup><\/sup><\/p>\n\n\n\n<p class=\"wp-block-paragraph\">El titular de la UNAM agreg\u00f3 que, con la realizaci\u00f3n de la prueba presencial, la Universidad despej\u00f3 cualquier duda sobre la preparaci\u00f3n y capacidad acad\u00e9mica de los alumnos seleccionados.<\/p>\n\n\n\n<p class=\"wp-block-paragraph\">Respecto a la disminuci\u00f3n generalizada en los puntajes, Lomel\u00ed descart\u00f3 que esto se deba a un mayor nivel de dificultad en el examen presencial. Explic\u00f3 que, seg\u00fan los par\u00e1metros t\u00e9cnicos de la instituci\u00f3n, el grado de exigencia de ambas evaluaciones fue equivalente.<\/p>\n\n\n\n<p class=\"wp-block-paragraph\">En su lugar, sugiri\u00f3 que la variaci\u00f3n en el desempe\u00f1o responde a factores externos: el lapso de dos meses y medio transcurrido entre una prueba y otra, el reducido tiempo que tuvieron los estudiantes para repasar los contenidos, y el estr\u00e9s natural asociado al retorno de las evaluaciones presenciales.<\/p>\n\n\n\n<p class=\"wp-block-paragraph\">Finalmente, el rector reiter\u00f3 que la UNAM continuar\u00e1 cruzando los datos del proceso antes de emitir un diagn\u00f3stico definitivo sobre los resultados globales de admisi\u00f3n.<\/p>\n","protected":false},"excerpt":{"rendered":"<p>Leonardo Lomel\u00ed Vanegas afirm\u00f3 que la evaluaci\u00f3n presencial brind\u00f3 a la m\u00e1xima casa de estudios \u00abplena certeza\u00bb sobre los conocimientos reales de los aspirantes que obtuvieron un lugar. El rector de la Universidad Nacional Aut\u00f3noma de M\u00e9xico (UNAM), Leonardo Lomel\u00ed Vanegas, reconoci\u00f3 que los resultados del examen de control aplicado a los aspirantes confirman la [&hellip;]<\/p>\n","protected":false},"author":1,"featured_media":92185,"comment_status":"open","ping_status":"open","sticky":false,"template":"","format":"standard","meta":{"om_disable_all_campaigns":false,"_monsterinsights_skip_tracking":false,"footnotes":""},"categories":[176],"tags":[333,428],"class_list":["post-92184","post","type-post","status-publish","format-standard","has-post-thumbnail","hentry","category-nacional","tag-educacion","tag-unam"],"amp_enabled":true,"_links":{"self":[{"href":"https:\/\/lahora.mx\/index.php\/wp-json\/wp\/v2\/posts\/92184","targetHints":{"allow":["GET"]}}],"collection":[{"href":"https:\/\/lahora.mx\/index.php\/wp-json\/wp\/v2\/posts"}],"about":[{"href":"https:\/\/lahora.mx\/index.php\/wp-json\/wp\/v2\/types\/post"}],"author":[{"embeddable":true,"href":"https:\/\/lahora.mx\/index.php\/wp-json\/wp\/v2\/users\/1"}],"replies":[{"embeddable":true,"href":"https:\/\/lahora.mx\/index.php\/wp-json\/wp\/v2\/comments?post=92184"}],"version-history":[{"count":1,"href":"https:\/\/lahora.mx\/index.php\/wp-json\/wp\/v2\/posts\/92184\/revisions"}],"predecessor-version":[{"id":92186,"href":"https:\/\/lahora.mx\/index.php\/wp-json\/wp\/v2\/posts\/92184\/revisions\/92186"}],"wp:featuredmedia":[{"embeddable":true,"href":"https:\/\/lahora.mx\/index.php\/wp-json\/wp\/v2\/media\/92185"}],"wp:attachment":[{"href":"https:\/\/lahora.mx\/index.php\/wp-json\/wp\/v2\/media?parent=92184"}],"wp:term":[{"taxonomy":"category","embeddable":true,"href":"https:\/\/lahora.mx\/index.php\/wp-json\/wp\/v2\/categories?post=92184"},{"taxonomy":"post_tag","embeddable":true,"href":"https:\/\/lahora.mx\/index.php\/wp-json\/wp\/v2\/tags?post=92184"}],"curies":[{"name":"wp","href":"https:\/\/api.w.org\/{rel}","templated":true}]}}