{"id":9218,"date":"2022-07-02T20:23:42","date_gmt":"2022-07-02T20:23:42","guid":{"rendered":"http:\/\/lahora.mx\/?p=9218"},"modified":"2022-07-02T20:25:30","modified_gmt":"2022-07-02T20:25:30","slug":"tras-ser-apunalado-muere-joven-afuera-de-la-cruz-roja","status":"publish","type":"post","link":"https:\/\/lahora.mx\/index.php\/2022\/07\/02\/tras-ser-apunalado-muere-joven-afuera-de-la-cruz-roja\/","title":{"rendered":"Tras ser apu\u00f1alado muere joven afuera de la Cruz Roja no logro ser atendido"},"content":{"rendered":"\n<p>Un joven de 23 a\u00f1os que fue apu\u00f1alado en varias ocasiones y muri\u00f3 a la entrada de la Cruz Roja de Puebla, antes de que pudieran ingresarlo a urgencias.<\/p>\n\n\n\n<p>Aunque reportes policiacos se\u00f1alan que lleg\u00f3 ya sin signos vitales, su familia denunci\u00f3 que lo trasladaron por sus propios medios porque solicitaron una ambulancia y nunca lleg\u00f3.<\/p>\n\n\n\n<p>La madrugada de este s\u00e1bado el hoy occiso lleg\u00f3 a su domicilio con heridas de arma blanca en la espalda y cuello.<br>Hasta el momento se desconoce si se trat\u00f3 de un ataque directo, una ri\u00f1a o un asalto, pues al verlo su familia inmediatamente solicit\u00f3 la ambulancia y luego intent\u00f3 llevarlo al hospital.<br>En un veh\u00edculo Chevrolet color naranja llegaron a la 20 Oriente y se estacionaron en la entrada de Urgencias, sin embargo, cuando el personal m\u00e9dico sali\u00f3 a valorarlo inform\u00f3 que ya estaba muerto.<br>Por lo anterior, agentes de la Secretar\u00eda de Seguridad Ciudadana (SSC) se trasladaron al sitio y resguardaron la calle, porque m\u00e1s tarde lleg\u00f3 personal de la Fiscal\u00eda General del Estado (FGE) para realizar las diligencias del levantamiento de cad\u00e1ver.<\/p>\n","protected":false},"excerpt":{"rendered":"<p>Un joven de 23 a\u00f1os que fue apu\u00f1alado en varias ocasiones y muri\u00f3 a la entrada de la Cruz Roja de Puebla, antes de que pudieran ingresarlo a urgencias. Aunque reportes policiacos se\u00f1alan que lleg\u00f3 ya sin signos vitales, su familia denunci\u00f3 que lo trasladaron por sus propios medios porque solicitaron una ambulancia y nunca [&hellip;]<\/p>\n","protected":false},"author":4,"featured_media":9219,"comment_status":"open","ping_status":"open","sticky":false,"template":"","format":"standard","meta":{"om_disable_all_campaigns":false,"_monsterinsights_skip_tracking":false,"_monsterinsights_sitenote_active":false,"_monsterinsights_sitenote_note":"","_monsterinsights_sitenote_category":0,"footnotes":""},"categories":[175,226],"tags":[],"class_list":["post-9218","post","type-post","status-publish","format-standard","has-post-thumbnail","hentry","category-local","category-policia"],"amp_enabled":true,"_links":{"self":[{"href":"https:\/\/lahora.mx\/index.php\/wp-json\/wp\/v2\/posts\/9218","targetHints":{"allow":["GET"]}}],"collection":[{"href":"https:\/\/lahora.mx\/index.php\/wp-json\/wp\/v2\/posts"}],"about":[{"href":"https:\/\/lahora.mx\/index.php\/wp-json\/wp\/v2\/types\/post"}],"author":[{"embeddable":true,"href":"https:\/\/lahora.mx\/index.php\/wp-json\/wp\/v2\/users\/4"}],"replies":[{"embeddable":true,"href":"https:\/\/lahora.mx\/index.php\/wp-json\/wp\/v2\/comments?post=9218"}],"version-history":[{"count":2,"href":"https:\/\/lahora.mx\/index.php\/wp-json\/wp\/v2\/posts\/9218\/revisions"}],"predecessor-version":[{"id":9221,"href":"https:\/\/lahora.mx\/index.php\/wp-json\/wp\/v2\/posts\/9218\/revisions\/9221"}],"wp:featuredmedia":[{"embeddable":true,"href":"https:\/\/lahora.mx\/index.php\/wp-json\/wp\/v2\/media\/9219"}],"wp:attachment":[{"href":"https:\/\/lahora.mx\/index.php\/wp-json\/wp\/v2\/media?parent=9218"}],"wp:term":[{"taxonomy":"category","embeddable":true,"href":"https:\/\/lahora.mx\/index.php\/wp-json\/wp\/v2\/categories?post=9218"},{"taxonomy":"post_tag","embeddable":true,"href":"https:\/\/lahora.mx\/index.php\/wp-json\/wp\/v2\/tags?post=9218"}],"curies":[{"name":"wp","href":"https:\/\/api.w.org\/{rel}","templated":true}]}}