{"id":92177,"date":"2026-09-02T20:18:12","date_gmt":"2026-09-03T02:18:12","guid":{"rendered":"https:\/\/lahora.mx\/?p=92177"},"modified":"2026-09-02T20:18:13","modified_gmt":"2026-09-03T02:18:13","slug":"cinema-abre-convocatoria-universitaria-para-el-festival-de-cortometrajes-de-horror-malsueno","status":"publish","type":"post","link":"https:\/\/lahora.mx\/index.php\/2026\/09\/02\/cinema-abre-convocatoria-universitaria-para-el-festival-de-cortometrajes-de-horror-malsueno\/","title":{"rendered":"CINEMA abre convocatoria universitaria para el Festival de Cortometrajes de Horror MalSue\u00f1o"},"content":{"rendered":"\n<p class=\"wp-block-paragraph\"><strong>PUEBLA, PUE.<\/strong> \u2014 La escuela especializada en cinematograf\u00eda CINEMA lanz\u00f3 la convocatoria oficial dirigida a estudiantes de nivel superior para participar en el concurso de cortometrajes de terror, en el marco de las actividades previas al Festival de Cine MalSue\u00f1o.<\/p>\n\n\n\n<p class=\"wp-block-paragraph\">El certamen busca impulsar la creatividad audiovisual y el talento emergente en la entidad, ofreciendo un foro para que j\u00f3venes realizadores exhiban sus producciones de suspenso, horror y g\u00e9nero fant\u00e1stico. Las bases establecen que los proyectos deben contar con narrativa in\u00e9dita y cumplir con criterios t\u00e9cnicos profesionales.<\/p>\n\n\n\n<p class=\"wp-block-paragraph\">Dentro de los incentivos para los universitarios participantes, la organizaci\u00f3n confirm\u00f3 la entrega del Premio del P\u00fablico, galard\u00f3n que otorgar\u00e1 un est\u00edmulo econ\u00f3mico de 3 mil pesos al cortometraje que obtenga la mayor preferencia por parte de los asistentes durante las proyecciones en sala.<\/p>\n\n\n\n<p class=\"wp-block-paragraph\">Las inscripciones permanecer\u00e1n abiertas durante las pr\u00f3ximas semanas para que los alumnos entreguen sus materiales terminados. Los proyectos seleccionados por el comit\u00e9 evaluador integrar\u00e1n la muestra oficial del evento, la cual se proyectar\u00e1 ante p\u00fablico general, acad\u00e9micos y especialistas de la industria cinematogr\u00e1fica.<\/p>\n\n\n\n<p class=\"wp-block-paragraph\"><\/p>\n","protected":false},"excerpt":{"rendered":"<p>PUEBLA, PUE. \u2014 La escuela especializada en cinematograf\u00eda CINEMA lanz\u00f3 la convocatoria oficial dirigida a estudiantes de nivel superior para participar en el concurso de cortometrajes de terror, en el marco de las actividades previas al Festival de Cine MalSue\u00f1o. El certamen busca impulsar la creatividad audiovisual y el talento emergente en la entidad, ofreciendo [&hellip;]<\/p>\n","protected":false},"author":1,"featured_media":92178,"comment_status":"open","ping_status":"open","sticky":false,"template":"","format":"standard","meta":{"om_disable_all_campaigns":false,"_monsterinsights_skip_tracking":false,"footnotes":""},"categories":[3],"tags":[223],"class_list":["post-92177","post","type-post","status-publish","format-standard","has-post-thumbnail","hentry","category-entretenimiento","tag-puebla"],"amp_enabled":true,"_links":{"self":[{"href":"https:\/\/lahora.mx\/index.php\/wp-json\/wp\/v2\/posts\/92177","targetHints":{"allow":["GET"]}}],"collection":[{"href":"https:\/\/lahora.mx\/index.php\/wp-json\/wp\/v2\/posts"}],"about":[{"href":"https:\/\/lahora.mx\/index.php\/wp-json\/wp\/v2\/types\/post"}],"author":[{"embeddable":true,"href":"https:\/\/lahora.mx\/index.php\/wp-json\/wp\/v2\/users\/1"}],"replies":[{"embeddable":true,"href":"https:\/\/lahora.mx\/index.php\/wp-json\/wp\/v2\/comments?post=92177"}],"version-history":[{"count":1,"href":"https:\/\/lahora.mx\/index.php\/wp-json\/wp\/v2\/posts\/92177\/revisions"}],"predecessor-version":[{"id":92179,"href":"https:\/\/lahora.mx\/index.php\/wp-json\/wp\/v2\/posts\/92177\/revisions\/92179"}],"wp:featuredmedia":[{"embeddable":true,"href":"https:\/\/lahora.mx\/index.php\/wp-json\/wp\/v2\/media\/92178"}],"wp:attachment":[{"href":"https:\/\/lahora.mx\/index.php\/wp-json\/wp\/v2\/media?parent=92177"}],"wp:term":[{"taxonomy":"category","embeddable":true,"href":"https:\/\/lahora.mx\/index.php\/wp-json\/wp\/v2\/categories?post=92177"},{"taxonomy":"post_tag","embeddable":true,"href":"https:\/\/lahora.mx\/index.php\/wp-json\/wp\/v2\/tags?post=92177"}],"curies":[{"name":"wp","href":"https:\/\/api.w.org\/{rel}","templated":true}]}}