{"id":92174,"date":"2026-09-02T20:03:18","date_gmt":"2026-09-03T02:03:18","guid":{"rendered":"https:\/\/lahora.mx\/?p=92174"},"modified":"2026-09-02T20:03:19","modified_gmt":"2026-09-03T02:03:19","slug":"cae-pipa-a-barranca-en-cuautinchan-y-deja-saldo-de-dos-personas-lesionadas","status":"publish","type":"post","link":"https:\/\/lahora.mx\/index.php\/2026\/09\/02\/cae-pipa-a-barranca-en-cuautinchan-y-deja-saldo-de-dos-personas-lesionadas\/","title":{"rendered":"Cae pipa a barranca en Cuautinch\u00e1n y deja saldo de dos personas lesionadas"},"content":{"rendered":"\n<p class=\"wp-block-paragraph\"><strong>CUAUTINCH\u00c1N, PUE.<\/strong> \u2014 Un severo accidente vial se registr\u00f3 sobre la carretera que cruza por el municipio de Cuautinch\u00e1n, luego de que el conductor de una pipa de carga perdiera el control de la unidad y volcara hacia el fondo de una profunda barranca a orillas del camino.<\/p>\n\n\n\n<p class=\"wp-block-paragraph\">El impacto moviliz\u00f3 de urgencia a corporaciones de rescate y param\u00e9dicos de la regi\u00f3n, quienes descendieron hasta el lecho del barranco para brindar los primeros auxilios a dos hombres que viajaban en la pesada unidad. Ambas personas resultaron con m\u00faltiples contusiones y heridas de consideraci\u00f3n derivadas de la ca\u00edda.<\/p>\n\n\n\n<p class=\"wp-block-paragraph\">Tras estabilizar a los lesionados, los cuerpos de emergencia utilizaron equipo especializado para rescatarlos del terreno inclinado y trasladarlos a bordo de ambulancias hacia nosocomios cercanos, donde reciben atenci\u00f3n m\u00e9dica especializada. Se reporta que su estado de salud es reservado.<\/p>\n\n\n\n<p class=\"wp-block-paragraph\">En el sitio del percance se despleg\u00f3 un operativo coordinado por elementos de seguridad p\u00fablica para acordonar el \u00e1rea y abanderar el tr\u00e1fico vehicular. Asimismo, las autoridades solicitaron el apoyo de gr\u00faas de gran tonelaje para llevar a cabo las complejas labores de extracci\u00f3n y remolque del veh\u00edculo accidentado.<\/p>\n\n\n\n<h1 class=\"wp-block-heading\"><\/h1>\n","protected":false},"excerpt":{"rendered":"<p>CUAUTINCH\u00c1N, PUE. \u2014 Un severo accidente vial se registr\u00f3 sobre la carretera que cruza por el municipio de Cuautinch\u00e1n, luego de que el conductor de una pipa de carga perdiera el control de la unidad y volcara hacia el fondo de una profunda barranca a orillas del camino. El impacto moviliz\u00f3 de urgencia a corporaciones [&hellip;]<\/p>\n","protected":false},"author":1,"featured_media":92175,"comment_status":"open","ping_status":"open","sticky":false,"template":"","format":"standard","meta":{"om_disable_all_campaigns":false,"_monsterinsights_skip_tracking":false,"footnotes":""},"categories":[226],"tags":[],"class_list":["post-92174","post","type-post","status-publish","format-standard","has-post-thumbnail","hentry","category-policia"],"amp_enabled":true,"_links":{"self":[{"href":"https:\/\/lahora.mx\/index.php\/wp-json\/wp\/v2\/posts\/92174","targetHints":{"allow":["GET"]}}],"collection":[{"href":"https:\/\/lahora.mx\/index.php\/wp-json\/wp\/v2\/posts"}],"about":[{"href":"https:\/\/lahora.mx\/index.php\/wp-json\/wp\/v2\/types\/post"}],"author":[{"embeddable":true,"href":"https:\/\/lahora.mx\/index.php\/wp-json\/wp\/v2\/users\/1"}],"replies":[{"embeddable":true,"href":"https:\/\/lahora.mx\/index.php\/wp-json\/wp\/v2\/comments?post=92174"}],"version-history":[{"count":1,"href":"https:\/\/lahora.mx\/index.php\/wp-json\/wp\/v2\/posts\/92174\/revisions"}],"predecessor-version":[{"id":92176,"href":"https:\/\/lahora.mx\/index.php\/wp-json\/wp\/v2\/posts\/92174\/revisions\/92176"}],"wp:featuredmedia":[{"embeddable":true,"href":"https:\/\/lahora.mx\/index.php\/wp-json\/wp\/v2\/media\/92175"}],"wp:attachment":[{"href":"https:\/\/lahora.mx\/index.php\/wp-json\/wp\/v2\/media?parent=92174"}],"wp:term":[{"taxonomy":"category","embeddable":true,"href":"https:\/\/lahora.mx\/index.php\/wp-json\/wp\/v2\/categories?post=92174"},{"taxonomy":"post_tag","embeddable":true,"href":"https:\/\/lahora.mx\/index.php\/wp-json\/wp\/v2\/tags?post=92174"}],"curies":[{"name":"wp","href":"https:\/\/api.w.org\/{rel}","templated":true}]}}