{"id":92164,"date":"2026-09-02T19:38:03","date_gmt":"2026-09-03T01:38:03","guid":{"rendered":"https:\/\/lahora.mx\/?p=92164"},"modified":"2026-09-02T19:38:04","modified_gmt":"2026-09-03T01:38:04","slug":"beca-rita-cetina-entregara-hasta-3-mil-300-pesos-a-familias-con-tres-estudiantes","status":"publish","type":"post","link":"https:\/\/lahora.mx\/index.php\/2026\/09\/02\/beca-rita-cetina-entregara-hasta-3-mil-300-pesos-a-familias-con-tres-estudiantes\/","title":{"rendered":"Beca Rita Cetina entregar\u00e1 hasta 3 mil 300 pesos a familias con tres estudiantes"},"content":{"rendered":"\n<p class=\"wp-block-paragraph\"><strong>PUEBLA, PUE.<\/strong> \u2014 Las familias poblanas con hijos inscritos en planteles p\u00fablicos de educaci\u00f3n b\u00e1sica podr\u00e1n percibir hasta 3 mil 300 pesos bimestrales a trav\u00e9s de la Beca Universal Rita Cetina, programa dise\u00f1ado por el Gobierno Federal para contrarrestar los \u00edndices de deserci\u00f3n escolar.<\/p>\n\n\n\n<p class=\"wp-block-paragraph\">El esquema econ\u00f3mico contempla un monto base de 1,900 pesos por hogar que cuente con un estudiante en nivel secundaria, asignando una suma complementaria de 700 pesos adicionales por cada alumno extra que pertenezca al mismo n\u00facleo familiar en el sistema p\u00fablico.<\/p>\n\n\n\n<p class=\"wp-block-paragraph\">Bajo este tabulador oficial, los hogares constituidos por dos alumnos inscritos cobrar\u00e1n 2,600 pesos bimestrales, mientras que aquellas viviendas donde habiten tres estudiantes alcanzar\u00e1n el techo m\u00e1ximo de apoyo estipulado de 3,300 pesos en cada periodo de dispersi\u00f3n.<\/p>\n\n\n\n<p class=\"wp-block-paragraph\">Las autoridades encargadas de los Programas para el Bienestar recordaron que los procesos de incorporaci\u00f3n y bancarizaci\u00f3n se efect\u00faan de manera directa en los planteles educativos, por lo que exhortaron a tutores y padres de familia a consultar los calendarios institucionales.<\/p>\n","protected":false},"excerpt":{"rendered":"<p>PUEBLA, PUE. \u2014 Las familias poblanas con hijos inscritos en planteles p\u00fablicos de educaci\u00f3n b\u00e1sica podr\u00e1n percibir hasta 3 mil 300 pesos bimestrales a trav\u00e9s de la Beca Universal Rita Cetina, programa dise\u00f1ado por el Gobierno Federal para contrarrestar los \u00edndices de deserci\u00f3n escolar. El esquema econ\u00f3mico contempla un monto base de 1,900 pesos por [&hellip;]<\/p>\n","protected":false},"author":1,"featured_media":92165,"comment_status":"open","ping_status":"open","sticky":false,"template":"","format":"standard","meta":{"om_disable_all_campaigns":false,"_monsterinsights_skip_tracking":false,"footnotes":""},"categories":[176],"tags":[195],"class_list":["post-92164","post","type-post","status-publish","format-standard","has-post-thumbnail","hentry","category-nacional","tag-principal"],"amp_enabled":true,"_links":{"self":[{"href":"https:\/\/lahora.mx\/index.php\/wp-json\/wp\/v2\/posts\/92164","targetHints":{"allow":["GET"]}}],"collection":[{"href":"https:\/\/lahora.mx\/index.php\/wp-json\/wp\/v2\/posts"}],"about":[{"href":"https:\/\/lahora.mx\/index.php\/wp-json\/wp\/v2\/types\/post"}],"author":[{"embeddable":true,"href":"https:\/\/lahora.mx\/index.php\/wp-json\/wp\/v2\/users\/1"}],"replies":[{"embeddable":true,"href":"https:\/\/lahora.mx\/index.php\/wp-json\/wp\/v2\/comments?post=92164"}],"version-history":[{"count":1,"href":"https:\/\/lahora.mx\/index.php\/wp-json\/wp\/v2\/posts\/92164\/revisions"}],"predecessor-version":[{"id":92166,"href":"https:\/\/lahora.mx\/index.php\/wp-json\/wp\/v2\/posts\/92164\/revisions\/92166"}],"wp:featuredmedia":[{"embeddable":true,"href":"https:\/\/lahora.mx\/index.php\/wp-json\/wp\/v2\/media\/92165"}],"wp:attachment":[{"href":"https:\/\/lahora.mx\/index.php\/wp-json\/wp\/v2\/media?parent=92164"}],"wp:term":[{"taxonomy":"category","embeddable":true,"href":"https:\/\/lahora.mx\/index.php\/wp-json\/wp\/v2\/categories?post=92164"},{"taxonomy":"post_tag","embeddable":true,"href":"https:\/\/lahora.mx\/index.php\/wp-json\/wp\/v2\/tags?post=92164"}],"curies":[{"name":"wp","href":"https:\/\/api.w.org\/{rel}","templated":true}]}}