{"id":92161,"date":"2026-09-02T19:36:39","date_gmt":"2026-09-03T01:36:39","guid":{"rendered":"https:\/\/lahora.mx\/?p=92161"},"modified":"2026-09-02T19:36:41","modified_gmt":"2026-09-03T01:36:41","slug":"asf-indagara-el-destino-de-55-7-mdp-ejercidos-en-la-remodelacion-de-la-avenida-juarez","status":"publish","type":"post","link":"https:\/\/lahora.mx\/index.php\/2026\/09\/02\/asf-indagara-el-destino-de-55-7-mdp-ejercidos-en-la-remodelacion-de-la-avenida-juarez\/","title":{"rendered":"ASF indagar\u00e1 el destino de 55.7 MDP ejercidos en la remodelaci\u00f3n de la Avenida Ju\u00e1rez"},"content":{"rendered":"\n<p class=\"wp-block-paragraph\"><strong>PUEBLA, PUE.<\/strong> \u2014 La Auditor\u00eda Superior de la Federaci\u00f3n (ASF) mantendr\u00e1 bajo fiscalizaci\u00f3n el ejercicio de 55.7 millones de pesos ejecutados para las obras de remodelaci\u00f3n en la Avenida Ju\u00e1rez, proyecto desarrollado durante la administraci\u00f3n municipal que encabezo Eduardo Rivera P\u00e9rez en la capital.<\/p>\n\n\n\n<p class=\"wp-block-paragraph\">El organismo fiscalizador centrar\u00e1 sus revisiones en el cumplimiento de los contratos, la aplicaci\u00f3n de los fondos p\u00fablicos y los dict\u00e1menes t\u00e9cnicos de la intervenci\u00f3n urban\u00edstica en el emblem\u00e1tico corredor comercial, a fin de certificar que el gasto ejecutado se apegar\u00e1 a la normativa federal.<\/p>\n\n\n\n<p class=\"wp-block-paragraph\">La fiscalizaci\u00f3n sobre dicho proyecto se detona luego de que la vialidad comenzara a mostrar inconsistencias visibles y fallas estructurales a los pocos meses de haberse entregado, destacando el desprendimiento de adoquines e incidentes por anegaciones en la zona.<\/p>\n\n\n\n<p class=\"wp-block-paragraph\">El proceso de comprobaci\u00f3n por parte del \u00f3rgano fiscalizador determinar\u00e1 si el gobierno capitalino solventa la aplicaci\u00f3n del presupuesto o si se emitir\u00e1n pliegos de observaciones y solicitudes de aclaraci\u00f3n financiera sobre las empresas contratistas involucradas.<\/p>\n","protected":false},"excerpt":{"rendered":"<p>PUEBLA, PUE. \u2014 La Auditor\u00eda Superior de la Federaci\u00f3n (ASF) mantendr\u00e1 bajo fiscalizaci\u00f3n el ejercicio de 55.7 millones de pesos ejecutados para las obras de remodelaci\u00f3n en la Avenida Ju\u00e1rez, proyecto desarrollado durante la administraci\u00f3n municipal que encabezo Eduardo Rivera P\u00e9rez en la capital. El organismo fiscalizador centrar\u00e1 sus revisiones en el cumplimiento de los [&hellip;]<\/p>\n","protected":false},"author":1,"featured_media":92162,"comment_status":"open","ping_status":"open","sticky":false,"template":"","format":"standard","meta":{"om_disable_all_campaigns":false,"_monsterinsights_skip_tracking":false,"footnotes":""},"categories":[175],"tags":[195,223],"class_list":["post-92161","post","type-post","status-publish","format-standard","has-post-thumbnail","hentry","category-local","tag-principal","tag-puebla"],"amp_enabled":true,"_links":{"self":[{"href":"https:\/\/lahora.mx\/index.php\/wp-json\/wp\/v2\/posts\/92161","targetHints":{"allow":["GET"]}}],"collection":[{"href":"https:\/\/lahora.mx\/index.php\/wp-json\/wp\/v2\/posts"}],"about":[{"href":"https:\/\/lahora.mx\/index.php\/wp-json\/wp\/v2\/types\/post"}],"author":[{"embeddable":true,"href":"https:\/\/lahora.mx\/index.php\/wp-json\/wp\/v2\/users\/1"}],"replies":[{"embeddable":true,"href":"https:\/\/lahora.mx\/index.php\/wp-json\/wp\/v2\/comments?post=92161"}],"version-history":[{"count":1,"href":"https:\/\/lahora.mx\/index.php\/wp-json\/wp\/v2\/posts\/92161\/revisions"}],"predecessor-version":[{"id":92163,"href":"https:\/\/lahora.mx\/index.php\/wp-json\/wp\/v2\/posts\/92161\/revisions\/92163"}],"wp:featuredmedia":[{"embeddable":true,"href":"https:\/\/lahora.mx\/index.php\/wp-json\/wp\/v2\/media\/92162"}],"wp:attachment":[{"href":"https:\/\/lahora.mx\/index.php\/wp-json\/wp\/v2\/media?parent=92161"}],"wp:term":[{"taxonomy":"category","embeddable":true,"href":"https:\/\/lahora.mx\/index.php\/wp-json\/wp\/v2\/categories?post=92161"},{"taxonomy":"post_tag","embeddable":true,"href":"https:\/\/lahora.mx\/index.php\/wp-json\/wp\/v2\/tags?post=92161"}],"curies":[{"name":"wp","href":"https:\/\/api.w.org\/{rel}","templated":true}]}}