{"id":92155,"date":"2026-09-02T19:22:44","date_gmt":"2026-09-03T01:22:44","guid":{"rendered":"https:\/\/lahora.mx\/?p=92155"},"modified":"2026-09-02T19:22:45","modified_gmt":"2026-09-03T01:22:45","slug":"tony-gali-se-suma-a-movimiento-ciudadano-como-delegado-politico-rumbo-a-las-elecciones-de-2027","status":"publish","type":"post","link":"https:\/\/lahora.mx\/index.php\/2026\/09\/02\/tony-gali-se-suma-a-movimiento-ciudadano-como-delegado-politico-rumbo-a-las-elecciones-de-2027\/","title":{"rendered":"Tony Gali se suma a Movimiento Ciudadano como delegado pol\u00edtico rumbo a las elecciones de 2027"},"content":{"rendered":"\n<p class=\"wp-block-paragraph\"><strong>PUEBLA, PUE.<\/strong> \u2014 El exgobernador de Puebla y exalcalde de la capital, Jos\u00e9 Antonio \u00abTony\u00bb Gali Fayad, concret\u00f3 su reaparici\u00f3n en la escena pol\u00edtica local al renunciar de manera formal a la militancia del Partido Acci\u00f3n Nacional (PAN) e incorporarse a las filas de Movimiento Ciudadano (MC), donde asumir\u00e1 la funci\u00f3n de delegado pol\u00edtico estatal con miras al proceso electoral concurrente de 2027.<\/p>\n\n\n\n<p class=\"wp-block-paragraph\">El anuncio fue respaldado por la dirigencia del partido naranja en la entidad, encabeza por la diputada local Fedrha Suriano Corrales, quien destac\u00f3 la trayectoria y experiencia administrativa del exmandatario para fortalecer la estructura territorial del instituto pol\u00edtico en los municipios poblanos. Con este movimiento, la fuerza partidista busca reconfigurar el escenario de competencia frente a las fuerzas tradicionales y consolidar una opci\u00f3n competitiva en la renovaci\u00f3n de alcald\u00edas, diputaciones locales y federales.<\/p>\n\n\n\n<p class=\"wp-block-paragraph\">Gali Fayad lleg\u00f3 a la Presidencia Municipal de Puebla en 2013 y posteriormente a la gubernatura del estado en 2016 bajo las siglas del blanquiazul y en alianza con otras fuerzas pol\u00edticas. Su incorporaci\u00f3n a Movimiento Ciudadano representa uno de los movimientos pol\u00edticos m\u00e1s significativos de cara al pr\u00f3ximo periodo lectivo, al distanciarlo del bloque opositor que integr\u00f3 durante m\u00e1s de una d\u00e9cada.<\/p>\n\n\n\n<p class=\"wp-block-paragraph\">Hasta el momento, la dirigencia partidista no ha detallado si la llegada del exgobernador contempla una futura candidatura a un cargo de elecci\u00f3n popular en las boletas de 2027 o si sus tareas se enfocar\u00e1n de forma exclusiva en la articulaci\u00f3n de estructuras y cuadros pol\u00edticos en el estado. Por su parte, sectores del panismo local manifestaron posturas encontradas ante la baja de uno de sus perfiles con mayor posicionamiento en la zona metropolitana.<\/p>\n","protected":false},"excerpt":{"rendered":"<p>PUEBLA, PUE. \u2014 El exgobernador de Puebla y exalcalde de la capital, Jos\u00e9 Antonio \u00abTony\u00bb Gali Fayad, concret\u00f3 su reaparici\u00f3n en la escena pol\u00edtica local al renunciar de manera formal a la militancia del Partido Acci\u00f3n Nacional (PAN) e incorporarse a las filas de Movimiento Ciudadano (MC), donde asumir\u00e1 la funci\u00f3n de delegado pol\u00edtico estatal [&hellip;]<\/p>\n","protected":false},"author":1,"featured_media":92156,"comment_status":"open","ping_status":"open","sticky":false,"template":"","format":"standard","meta":{"om_disable_all_campaigns":false,"_monsterinsights_skip_tracking":false,"footnotes":""},"categories":[5],"tags":[],"class_list":["post-92155","post","type-post","status-publish","format-standard","has-post-thumbnail","hentry","category-politica"],"amp_enabled":true,"_links":{"self":[{"href":"https:\/\/lahora.mx\/index.php\/wp-json\/wp\/v2\/posts\/92155","targetHints":{"allow":["GET"]}}],"collection":[{"href":"https:\/\/lahora.mx\/index.php\/wp-json\/wp\/v2\/posts"}],"about":[{"href":"https:\/\/lahora.mx\/index.php\/wp-json\/wp\/v2\/types\/post"}],"author":[{"embeddable":true,"href":"https:\/\/lahora.mx\/index.php\/wp-json\/wp\/v2\/users\/1"}],"replies":[{"embeddable":true,"href":"https:\/\/lahora.mx\/index.php\/wp-json\/wp\/v2\/comments?post=92155"}],"version-history":[{"count":1,"href":"https:\/\/lahora.mx\/index.php\/wp-json\/wp\/v2\/posts\/92155\/revisions"}],"predecessor-version":[{"id":92157,"href":"https:\/\/lahora.mx\/index.php\/wp-json\/wp\/v2\/posts\/92155\/revisions\/92157"}],"wp:featuredmedia":[{"embeddable":true,"href":"https:\/\/lahora.mx\/index.php\/wp-json\/wp\/v2\/media\/92156"}],"wp:attachment":[{"href":"https:\/\/lahora.mx\/index.php\/wp-json\/wp\/v2\/media?parent=92155"}],"wp:term":[{"taxonomy":"category","embeddable":true,"href":"https:\/\/lahora.mx\/index.php\/wp-json\/wp\/v2\/categories?post=92155"},{"taxonomy":"post_tag","embeddable":true,"href":"https:\/\/lahora.mx\/index.php\/wp-json\/wp\/v2\/tags?post=92155"}],"curies":[{"name":"wp","href":"https:\/\/api.w.org\/{rel}","templated":true}]}}