{"id":92152,"date":"2026-09-02T18:08:10","date_gmt":"2026-09-03T00:08:10","guid":{"rendered":"https:\/\/lahora.mx\/?p=92152"},"modified":"2026-09-02T19:06:08","modified_gmt":"2026-09-03T01:06:08","slug":"puebla-se-consolida-como-el-nuevo-hub-de-innovacion-tecnologica-con-respaldo-federal","status":"publish","type":"post","link":"https:\/\/lahora.mx\/index.php\/2026\/09\/02\/puebla-se-consolida-como-el-nuevo-hub-de-innovacion-tecnologica-con-respaldo-federal\/","title":{"rendered":"Puebla se consolida como el nuevo hub de innovaci\u00f3n tecnol\u00f3gica con respaldo federal"},"content":{"rendered":"\n<p class=\"wp-block-paragraph\"><strong>CIUDAD DE M\u00c9XICO.<\/strong> \u2014 El gobierno del estado de Puebla, en coordinaci\u00f3n estrecha con la administraci\u00f3n federal, avanza en la consolidaci\u00f3n de un nodo estrat\u00e9gico de soberan\u00eda tecnol\u00f3gica e innovaci\u00f3n en la entidad. A trav\u00e9s de la articulaci\u00f3n de proyectos prioritarios de alcance nacional, la entidad fortalece su infraestructura, vocaci\u00f3n industrial y capacidad cient\u00edfica para impulsar la educaci\u00f3n, el empleo y el bienestar social en la regi\u00f3n.<\/p>\n\n\n\n<p class=\"wp-block-paragraph\">Entre las iniciativas clave destaca el desarrollo del veh\u00edculo el\u00e9ctrico <em>Olinia<\/em>, cuyo primer prototipo fue dise\u00f1ado por un equipo de m\u00e1s de 80 especialistas de instituciones como el Instituto Polit\u00e9cnico Nacional (IPN), la Universidad Nacional Aut\u00f3noma de M\u00e9xico (UNAM) y el Tecnol\u00f3gico Nacional de M\u00e9xico. En este \u00e1mbito, las autoridades estatales confirmaron las gestiones para la instalaci\u00f3n de una planta de producci\u00f3n de bater\u00edas en San Jos\u00e9 Chiapa, dentro de la denominada Capital de la Tecnolog\u00eda y la Sostenibilidad.<\/p>\n\n\n\n<p class=\"wp-block-paragraph\">A la par, se impulsa el proyecto <em>Kutsari<\/em>, con sede operativa en Cholula, el cual colabora con el Instituto Nacional de Astrof\u00edsica, \u00d3ptica y Electr\u00f3nica (INAOE) y m\u00e1s de 50 centros de investigaci\u00f3n para el dise\u00f1o de circuitos integrados. Asimismo, la empresa de participaci\u00f3n estatal <em>Yankuilotl<\/em> enfoca sus operaciones en el ensamble electr\u00f3nico, desarrollo de software y sistemas de movilidad sustentable, como la futura red de bicicletas p\u00fablicas y proyectos en conjunto con el Servicio Postal Mexicano.<\/p>\n\n\n\n<p class=\"wp-block-paragraph\">En el sector educativo, la Universidad Nacional Rosario Castellanos arranc\u00f3 sus actividades acad\u00e9micas en territorio poblano con una matr\u00edcula inicial de 329 estudiantes y 30 docentes en las carreras de Medicina Familiar y Comunitaria, as\u00ed como Enfermer\u00eda Familiar y Comunitaria. Esta nueva oferta se complementa con la transformaci\u00f3n de m\u00e1s de 15 bachilleratos tecnol\u00f3gicos, orientados a formar especialistas en \u00e1reas prioritarias para zonas de alta vulnerabilidad como la Sierra Negra.<\/p>\n\n\n\n<p class=\"wp-block-paragraph\">De manera paralela a los avances cient\u00edficos y educativos, la agenda de trabajo entre el estado y la Federaci\u00f3n abarca proyectos de impacto social y ambiental. Entre ellos sobresale el rescate de la cuenca del r\u00edo Atoyac mediante la construcci\u00f3n de colectores y plantas de tratamiento de aguas residuales en municipios como San Mart\u00edn Texmelucan, Huejotzingo y San Mat\u00edas Tlalancaleca, la edificaci\u00f3n de m\u00e1s de 60 mil viviendas sociales y un plan nacional de reforestaci\u00f3n. En materia de seguridad, las autoridades destacaron la contenci\u00f3n delictiva en la Mesa de Paz y los resultados del programa Centros Libres Carmen Serd\u00e1n en la atenci\u00f3n y prevenci\u00f3n de la violencia de g\u00e9nero.<\/p>\n","protected":false},"excerpt":{"rendered":"<p>CIUDAD DE M\u00c9XICO. \u2014 El gobierno del estado de Puebla, en coordinaci\u00f3n estrecha con la administraci\u00f3n federal, avanza en la consolidaci\u00f3n de un nodo estrat\u00e9gico de soberan\u00eda tecnol\u00f3gica e innovaci\u00f3n en la entidad. A trav\u00e9s de la articulaci\u00f3n de proyectos prioritarios de alcance nacional, la entidad fortalece su infraestructura, vocaci\u00f3n industrial y capacidad cient\u00edfica para [&hellip;]<\/p>\n","protected":false},"author":1,"featured_media":92153,"comment_status":"open","ping_status":"open","sticky":false,"template":"","format":"standard","meta":{"om_disable_all_campaigns":false,"_monsterinsights_skip_tracking":false,"footnotes":""},"categories":[175],"tags":[239,195,223],"class_list":["post-92152","post","type-post","status-publish","format-standard","has-post-thumbnail","hentry","category-local","tag-gobierno","tag-principal","tag-puebla"],"amp_enabled":true,"_links":{"self":[{"href":"https:\/\/lahora.mx\/index.php\/wp-json\/wp\/v2\/posts\/92152","targetHints":{"allow":["GET"]}}],"collection":[{"href":"https:\/\/lahora.mx\/index.php\/wp-json\/wp\/v2\/posts"}],"about":[{"href":"https:\/\/lahora.mx\/index.php\/wp-json\/wp\/v2\/types\/post"}],"author":[{"embeddable":true,"href":"https:\/\/lahora.mx\/index.php\/wp-json\/wp\/v2\/users\/1"}],"replies":[{"embeddable":true,"href":"https:\/\/lahora.mx\/index.php\/wp-json\/wp\/v2\/comments?post=92152"}],"version-history":[{"count":1,"href":"https:\/\/lahora.mx\/index.php\/wp-json\/wp\/v2\/posts\/92152\/revisions"}],"predecessor-version":[{"id":92154,"href":"https:\/\/lahora.mx\/index.php\/wp-json\/wp\/v2\/posts\/92152\/revisions\/92154"}],"wp:featuredmedia":[{"embeddable":true,"href":"https:\/\/lahora.mx\/index.php\/wp-json\/wp\/v2\/media\/92153"}],"wp:attachment":[{"href":"https:\/\/lahora.mx\/index.php\/wp-json\/wp\/v2\/media?parent=92152"}],"wp:term":[{"taxonomy":"category","embeddable":true,"href":"https:\/\/lahora.mx\/index.php\/wp-json\/wp\/v2\/categories?post=92152"},{"taxonomy":"post_tag","embeddable":true,"href":"https:\/\/lahora.mx\/index.php\/wp-json\/wp\/v2\/tags?post=92152"}],"curies":[{"name":"wp","href":"https:\/\/api.w.org\/{rel}","templated":true}]}}