{"id":92149,"date":"2026-09-02T17:58:40","date_gmt":"2026-09-02T23:58:40","guid":{"rendered":"https:\/\/lahora.mx\/?p=92149"},"modified":"2026-09-02T17:58:41","modified_gmt":"2026-09-02T23:58:41","slug":"aseguran-a-dos-presuntos-ladrones-en-el-inicio-de-las-actividades-de-la-feria-de-cholula","status":"publish","type":"post","link":"https:\/\/lahora.mx\/index.php\/2026\/09\/02\/aseguran-a-dos-presuntos-ladrones-en-el-inicio-de-las-actividades-de-la-feria-de-cholula\/","title":{"rendered":"Aseguran a dos presuntos ladrones en el inicio de las actividades de la Feria de Cholula"},"content":{"rendered":"\n<p class=\"wp-block-paragraph\"><strong>SAN PEDRO CHOLULA, PUE.<\/strong> \u2014 En el marco de la apertura de la Feria Milenaria 2026, elementos de la Secretar\u00eda de Seguridad Ciudadana (SSC) de San Pedro Cholula realizaron la detenci\u00f3n de dos hombres se\u00f1alados por su presunta participaci\u00f3n en actos il\u00edcitos y cobros indebidos a asistentes y comerciantes dentro del recinto ferial.<\/p>\n\n\n\n<p class=\"wp-block-paragraph\">La intervenci\u00f3n policial fue captada y difundida por los mismos asistentes a trav\u00e9s de plataformas digitales, donde se observa a los dos sospechosos custodiados por los uniformados mientras eran trasladados a las instalaciones de la corporaci\u00f3n. De acuerdo con los primeros informes, los sujetos se hac\u00edan pasar por personal autorizado para exigir pagos irregulares en los espacios destinados a la festividad.<\/p>\n\n\n\n<p class=\"wp-block-paragraph\">Las autoridades locales mantienen bajo investigaci\u00f3n las actividades de los detenidos para verificar si se trata de excolaboradores de \u00e1reas del municipio o personas ajenas a la administraci\u00f3n p\u00fablica que operaban de forma fraudulenta. Un hecho similar se registr\u00f3 a inicios de a\u00f1o, cuando se desarticul\u00f3 a un grupo que realizaba cobros ap\u00f3crifos a nombre del organismo de agua potable local.<\/p>\n\n\n\n<p class=\"wp-block-paragraph\">Para el desarrollo de la edici\u00f3n n\u00famero 76 de la Feria Milenaria, el Ayuntamiento de San Pedro Cholula despleg\u00f3 un dispositivo de seguridad integrado por m\u00e1s de 300 efectivos policiales, guardias viales y personal de Protecci\u00f3n Civil. El operativo contempla patrullajes constantes y puntos de vigilancia fijos en la plaza principal y zonas de alta afluencia comercial para prevenir la comisi\u00f3n de delitos.<\/p>\n\n\n\n<p class=\"wp-block-paragraph\">Las autoridades municipales informaron que los detenidos quedaron a disposici\u00f3n de la instancia correspondiente para definir su situaci\u00f3n jur\u00eddica en las pr\u00f3ximas horas. Asimismo, reiteraron el llamado a los visitantes y locatarios a denunciar cualquier cobro no normado o actividad sospechosa durante el desarrollo de los eventos festivos.<\/p>\n","protected":false},"excerpt":{"rendered":"<p>SAN PEDRO CHOLULA, PUE. \u2014 En el marco de la apertura de la Feria Milenaria 2026, elementos de la Secretar\u00eda de Seguridad Ciudadana (SSC) de San Pedro Cholula realizaron la detenci\u00f3n de dos hombres se\u00f1alados por su presunta participaci\u00f3n en actos il\u00edcitos y cobros indebidos a asistentes y comerciantes dentro del recinto ferial. La intervenci\u00f3n [&hellip;]<\/p>\n","protected":false},"author":1,"featured_media":92150,"comment_status":"open","ping_status":"open","sticky":false,"template":"","format":"standard","meta":{"om_disable_all_campaigns":false,"_monsterinsights_skip_tracking":false,"footnotes":""},"categories":[226],"tags":[],"class_list":["post-92149","post","type-post","status-publish","format-standard","has-post-thumbnail","hentry","category-policia"],"amp_enabled":true,"_links":{"self":[{"href":"https:\/\/lahora.mx\/index.php\/wp-json\/wp\/v2\/posts\/92149","targetHints":{"allow":["GET"]}}],"collection":[{"href":"https:\/\/lahora.mx\/index.php\/wp-json\/wp\/v2\/posts"}],"about":[{"href":"https:\/\/lahora.mx\/index.php\/wp-json\/wp\/v2\/types\/post"}],"author":[{"embeddable":true,"href":"https:\/\/lahora.mx\/index.php\/wp-json\/wp\/v2\/users\/1"}],"replies":[{"embeddable":true,"href":"https:\/\/lahora.mx\/index.php\/wp-json\/wp\/v2\/comments?post=92149"}],"version-history":[{"count":1,"href":"https:\/\/lahora.mx\/index.php\/wp-json\/wp\/v2\/posts\/92149\/revisions"}],"predecessor-version":[{"id":92151,"href":"https:\/\/lahora.mx\/index.php\/wp-json\/wp\/v2\/posts\/92149\/revisions\/92151"}],"wp:featuredmedia":[{"embeddable":true,"href":"https:\/\/lahora.mx\/index.php\/wp-json\/wp\/v2\/media\/92150"}],"wp:attachment":[{"href":"https:\/\/lahora.mx\/index.php\/wp-json\/wp\/v2\/media?parent=92149"}],"wp:term":[{"taxonomy":"category","embeddable":true,"href":"https:\/\/lahora.mx\/index.php\/wp-json\/wp\/v2\/categories?post=92149"},{"taxonomy":"post_tag","embeddable":true,"href":"https:\/\/lahora.mx\/index.php\/wp-json\/wp\/v2\/tags?post=92149"}],"curies":[{"name":"wp","href":"https:\/\/api.w.org\/{rel}","templated":true}]}}