{"id":92146,"date":"2026-09-02T17:43:51","date_gmt":"2026-09-02T23:43:51","guid":{"rendered":"https:\/\/lahora.mx\/?p=92146"},"modified":"2026-09-02T17:43:52","modified_gmt":"2026-09-02T23:43:52","slug":"padres-de-familia-protestan-en-primaria-de-momoxpan-y-logran-el-retiro-de-intendente-acusado-de-anomalias","status":"publish","type":"post","link":"https:\/\/lahora.mx\/index.php\/2026\/09\/02\/padres-de-familia-protestan-en-primaria-de-momoxpan-y-logran-el-retiro-de-intendente-acusado-de-anomalias\/","title":{"rendered":"Padres de familia protestan en primaria de Momoxpan y logran el retiro de intendente acusado de anomal\u00edas"},"content":{"rendered":"\n<p class=\"wp-block-paragraph\"><strong>SAN PEDRO CHOLULA, PUE.<\/strong> \u2014 Padres de familia de la Escuela Primaria Miguel Hidalgo, ubicada en la junta auxiliar de Santiago Momoxpan, se manifestaron a las afueras de la instituci\u00f3n educativa para exigir la destituci\u00f3n inmediata de un trabajador del \u00e1rea de intendencia. El se\u00f1alamiento principal sostiene que el empleado acud\u00eda de manera recurrente a laborar bajo los efectos del alcohol, poniendo en riesgo la integridad del alumnado.<\/p>\n\n\n\n<p class=\"wp-block-paragraph\">Durante la manifestaci\u00f3n, los tutores bloquearon de manera pac\u00edfica el acceso al inmueble situado en la calle Matamoros y colocaron pancartas con consignas para denunciar el abandono de las labores de limpieza, las condiciones de insalubridad en los sanitarios escolares y la falta de respuesta por parte de los directivos. Seg\u00fan lo manifestado por los inconformes, el conflicto se ven\u00eda reportando formalmente desde el ciclo escolar 2024 sin que se aplicaran sanciones administrativas.<\/p>\n\n\n\n<p class=\"wp-block-paragraph\">Ante la concentraci\u00f3n de personas y para evitar altercados, elementos de la Secretar\u00eda de Seguridad Ciudadana de San Pedro Cholula acudieron al plantel a bordo de patrullas. Con el resguardo de la fuerza p\u00fablica, los efectivos procedieron a retirar al trabajador de las instalaciones de la escuela para ponerlo a disposici\u00f3n de las \u00e1reas correspondientes y salvaguardar el orden en el lugar.<\/p>\n\n\n\n<p class=\"wp-block-paragraph\">Al sitio arribaron representantes de la Coordinaci\u00f3n Regional de Desarrollo Educativo (CORDE), personal de la Supervisi\u00f3n Escolar y miembros del Departamento Jur\u00eddico de la Secretar\u00eda de Educaci\u00f3n P\u00fablica (SEP) del estado. Las autoridades entablaron una mesa de di\u00e1logo con el Comit\u00e9 de Padres de Familia para recabar las pruebas y testimonios sobre el comportamiento del intendente y el estado del inmueble.<\/p>\n\n\n\n<p class=\"wp-block-paragraph\">Tras la reuni\u00f3n inicial, las autoridades educativas acordaron sostener un nuevo encuentro formal el pr\u00f3ximo 8 de septiembre de 2026 para determinar las medidas definitivas y la reasignaci\u00f3n del personal de limpieza. Por su parte, la comunidad escolar se mantuvo firme en su postura de no permitir el reingreso del trabajador al plantel.<\/p>\n","protected":false},"excerpt":{"rendered":"<p>SAN PEDRO CHOLULA, PUE. \u2014 Padres de familia de la Escuela Primaria Miguel Hidalgo, ubicada en la junta auxiliar de Santiago Momoxpan, se manifestaron a las afueras de la instituci\u00f3n educativa para exigir la destituci\u00f3n inmediata de un trabajador del \u00e1rea de intendencia. El se\u00f1alamiento principal sostiene que el empleado acud\u00eda de manera recurrente a [&hellip;]<\/p>\n","protected":false},"author":1,"featured_media":92147,"comment_status":"open","ping_status":"open","sticky":false,"template":"","format":"standard","meta":{"om_disable_all_campaigns":false,"_monsterinsights_skip_tracking":false,"footnotes":""},"categories":[175],"tags":[],"class_list":["post-92146","post","type-post","status-publish","format-standard","has-post-thumbnail","hentry","category-local"],"amp_enabled":true,"_links":{"self":[{"href":"https:\/\/lahora.mx\/index.php\/wp-json\/wp\/v2\/posts\/92146","targetHints":{"allow":["GET"]}}],"collection":[{"href":"https:\/\/lahora.mx\/index.php\/wp-json\/wp\/v2\/posts"}],"about":[{"href":"https:\/\/lahora.mx\/index.php\/wp-json\/wp\/v2\/types\/post"}],"author":[{"embeddable":true,"href":"https:\/\/lahora.mx\/index.php\/wp-json\/wp\/v2\/users\/1"}],"replies":[{"embeddable":true,"href":"https:\/\/lahora.mx\/index.php\/wp-json\/wp\/v2\/comments?post=92146"}],"version-history":[{"count":1,"href":"https:\/\/lahora.mx\/index.php\/wp-json\/wp\/v2\/posts\/92146\/revisions"}],"predecessor-version":[{"id":92148,"href":"https:\/\/lahora.mx\/index.php\/wp-json\/wp\/v2\/posts\/92146\/revisions\/92148"}],"wp:featuredmedia":[{"embeddable":true,"href":"https:\/\/lahora.mx\/index.php\/wp-json\/wp\/v2\/media\/92147"}],"wp:attachment":[{"href":"https:\/\/lahora.mx\/index.php\/wp-json\/wp\/v2\/media?parent=92146"}],"wp:term":[{"taxonomy":"category","embeddable":true,"href":"https:\/\/lahora.mx\/index.php\/wp-json\/wp\/v2\/categories?post=92146"},{"taxonomy":"post_tag","embeddable":true,"href":"https:\/\/lahora.mx\/index.php\/wp-json\/wp\/v2\/tags?post=92146"}],"curies":[{"name":"wp","href":"https:\/\/api.w.org\/{rel}","templated":true}]}}